{"id":8908,"date":"2018-08-20T14:12:04","date_gmt":"2018-08-20T17:12:04","guid":{"rendered":"https:\/\/bricspolicycenter.org\/?p=8908"},"modified":"2018-10-04T14:14:16","modified_gmt":"2018-10-04T17:14:16","slug":"the-right-to-the-city-in-times-of-intervention","status":"publish","type":"post","link":"https:\/\/bricspolicycenter.org\/en\/the-right-to-the-city-in-times-of-intervention\/","title":{"rendered":"The Right to the City in Times of Intervention"},"content":{"rendered":"<p style=\"font-weight: 400;\">Photo: Tania Rego\/ Ag\u00eancia Brasil<\/p>\n<p style=\"font-weight: 400;\">On August 15, 2018, the BRICS Policy Center hosted the Dialogue &#8220;The Right to the City in Times of Intervention&#8221;, organized by the<b><strong><a href=\"http:\/\/antigo.bricspolicycenter.org\/homolog\/agenda\/pesquisas\/Index\/1?p=BRICS%20Urbe\">BRICS-Urbe<\/a><\/strong><\/b>. The program, which has focused its research on the dimensions of socio-spatial inequalitysince last year, aims to complement other initiatives, research and practices in the city that seek to advance the agenda of the right to the city for a fairer, safer and egalitarian Rio de Janeiro.<\/p>\n<p style=\"font-weight: 400;\">Silvia Ramos, a researcher at\u00a0<b><strong><a href=\"https:\/\/www.ucamcesec.com.br\/\">CESEC<\/a><\/strong><\/b>\u00a0(Center for Security and Citizenship Studies) and coordinator of the\u00a0<a href=\"https:\/\/www.ucamcesec.com.br\/projeto\/observatorio-da-intervencao\/\">Intervention Observatory<\/a>, was invited to analyze the first six months of federal intervention in the state of Rio de Janeiro.<\/p>\n<p style=\"font-weight: 400;\">When considering the extraordinary nature of the measure, made official on February 16, 2018, CESEC created the Observatory of Intervention. Six months after the decree, the observatory\u00a0<a href=\"https:\/\/drive.google.com\/file\/d\/1L6_9vhLymIFY-PMExwQZxw0qf3LT9VNg\/view\">published a document<\/a>\u00a0(only available in Portuguese) that analyzes the intervention based on three pillars: numbers, quantitative and qualitative indicators of results; striking facts, such as shootings and slaughter; and in the identification of a model, the main strategies and actors in the intervention.<\/p>\n<p style=\"font-weight: 400;\">The main critiques to the intervention<\/p>\n<p style=\"font-weight: 400;\">According to Silvia Ramos, the results of the report express the inefficiency of the operations of warlike logic. The researcher believes that military strategies bring enormous problems of governance, and that the military are &#8220;winning all battles but losing the war.&#8221; Thain\u00e3 Medeiros, of the\u00a0<b><strong><a href=\"https:\/\/www.facebook.com\/ColetivoPapoReto\/\">Coletivo Papo Reto<\/a><\/strong><\/b>, agrees with the coordinator of the Observatory. He says that &#8220;the 20is being fought in the wrong places&#8221; and that the militarized model does not benefit the population.<\/p>\n<p style=\"font-weight: 400;\">&#8211;\u00a0\u00a0\u00a0\u00a0\u00a0\u00a0\u00a0Directly or indirectly, a shot always hits the favela. Even when it does not hit a person, each shot creates fear, causes an increased incidence of heart attack and psychological illness in locals, among other negative consequences.<\/p>\n<p style=\"font-weight: 400;\">The data that supports Silvia and Thain\u00e3\u2019s vision includes the increase in deaths caused by police, which exceeded 600; and the great mobilization of men and costs for low numbers of arms and drug seizures &#8211; in mega-operations, the average seizure is one weapon per operation.<\/p>\n<p style=\"font-weight: 400;\">According to Professor Cunca Bocayuva (NEPP-DH \/ UFRJ), there is a fear in society, an idea that one can not use long-term public policies because &#8220;the war is there&#8221;. This position prevents the police from approaching the population:<\/p>\n<p style=\"font-weight: 400;\">&#8211; The fact that the police in the cities have only an armed function and not a constitutional legal function prevents the demilitarization of the police and the policing of proximity. This cultural framework makes us move in the direction of barbarism.<\/p>\n<p style=\"font-weight: 400;\">The discussion was broadcast live on the BPC facebook page and excerpts can be accessed\u00a0<b><strong><a href=\"https:\/\/www.facebook.com\/pg\/bricspolicycenter\/videos\/\">here<\/a><\/strong><\/b>.<\/p>\n","protected":false},"excerpt":{"rendered":"<p>Photo: Tania Rego\/ Ag\u00eancia Brasil On August 15, 2018, the BRICS Policy Center hosted the Dialogue &#8220;The Right to the City in Times of Intervention&#8221;, organized by theBRICS-Urbe. The program,&#8230;<\/p>\n","protected":false},"author":10,"featured_media":8910,"comment_status":"open","ping_status":"open","sticky":false,"template":"","format":"standard","meta":{"footnotes":""},"categories":[218],"tags":[],"class_list":["post-8908","post","type-post","status-publish","format-standard","has-post-thumbnail","hentry","category-news"],"yoast_head":"<!-- This site is optimized with the Yoast SEO plugin v24.6 - https:\/\/yoast.com\/wordpress\/plugins\/seo\/ -->\n<title>The Right to the City in Times of Intervention - brq<\/title>\n<meta name=\"robots\" content=\"index, follow, max-snippet:-1, max-image-preview:large, max-video-preview:-1\" \/>\n<link rel=\"canonical\" href=\"https:\/\/bricspolicycenter.org\/o-direito-a-cidade-em-tempos-de-intervencao\/\" \/>\n<meta property=\"og:locale\" content=\"en_US\" \/>\n<meta property=\"og:type\" content=\"article\" \/>\n<meta property=\"og:title\" content=\"The Right to the City in Times of Intervention - brq\" \/>\n<meta property=\"og:description\" content=\"Photo: Tania Rego\/ Ag\u00eancia Brasil On August 15, 2018, the BRICS Policy Center hosted the Dialogue &#8220;The Right to the City in Times of Intervention&#8221;, organized by theBRICS-Urbe. The program,...\" \/>\n<meta property=\"og:url\" content=\"https:\/\/bricspolicycenter.org\/o-direito-a-cidade-em-tempos-de-intervencao\/\" \/>\n<meta property=\"og:site_name\" content=\"brq\" \/>\n<meta property=\"article:published_time\" content=\"2018-08-20T17:12:04+00:00\" \/>\n<meta property=\"article:modified_time\" content=\"2018-10-04T17:14:16+00:00\" \/>\n<meta property=\"og:image\" content=\"https:\/\/bricspolicycenter.org\/wp-content\/uploads\/2018\/08\/For\u00e7as-Armadas-fazem-mais-uma-opera\u00e7\u00e3o-na-Vila-Kennedy-zona-oeste-do-Rio-de-Janeiro.jpg\" \/>\n\t<meta property=\"og:image:width\" content=\"2340\" \/>\n\t<meta property=\"og:image:height\" content=\"1460\" \/>\n\t<meta property=\"og:image:type\" content=\"image\/jpeg\" \/>\n<meta name=\"author\" content=\"Helena Carmona\" \/>\n<meta name=\"twitter:card\" content=\"summary_large_image\" \/>\n<meta name=\"twitter:label1\" content=\"Written by\" \/>\n\t<meta name=\"twitter:data1\" content=\"Helena Carmona\" \/>\n\t<meta name=\"twitter:label2\" content=\"Est. reading time\" \/>\n\t<meta name=\"twitter:data2\" content=\"2 minutes\" \/>\n<script type=\"application\/ld+json\" class=\"yoast-schema-graph\">{\"@context\":\"https:\/\/schema.org\",\"@graph\":[{\"@type\":\"WebPage\",\"@id\":\"https:\/\/bricspolicycenter.org\/o-direito-a-cidade-em-tempos-de-intervencao\/\",\"url\":\"https:\/\/bricspolicycenter.org\/o-direito-a-cidade-em-tempos-de-intervencao\/\",\"name\":\"The Right to the City in Times of Intervention - brq\",\"isPartOf\":{\"@id\":\"https:\/\/bricspolicycenter.org\/en\/#website\"},\"primaryImageOfPage\":{\"@id\":\"https:\/\/bricspolicycenter.org\/o-direito-a-cidade-em-tempos-de-intervencao\/#primaryimage\"},\"image\":{\"@id\":\"https:\/\/bricspolicycenter.org\/o-direito-a-cidade-em-tempos-de-intervencao\/#primaryimage\"},\"thumbnailUrl\":\"https:\/\/bricspolicycenter.org\/wp-content\/uploads\/2018\/08\/For\u00e7as-Armadas-fazem-mais-uma-opera\u00e7\u00e3o-na-Vila-Kennedy-zona-oeste-do-Rio-de-Janeiro.jpg\",\"datePublished\":\"2018-08-20T17:12:04+00:00\",\"dateModified\":\"2018-10-04T17:14:16+00:00\",\"author\":{\"@id\":\"https:\/\/bricspolicycenter.org\/en\/#\/schema\/person\/26c153b3b32b6f62ce4a42640a4bcdf9\"},\"breadcrumb\":{\"@id\":\"https:\/\/bricspolicycenter.org\/o-direito-a-cidade-em-tempos-de-intervencao\/#breadcrumb\"},\"inLanguage\":\"en-US\",\"potentialAction\":[{\"@type\":\"ReadAction\",\"target\":[\"https:\/\/bricspolicycenter.org\/o-direito-a-cidade-em-tempos-de-intervencao\/\"]}]},{\"@type\":\"ImageObject\",\"inLanguage\":\"en-US\",\"@id\":\"https:\/\/bricspolicycenter.org\/o-direito-a-cidade-em-tempos-de-intervencao\/#primaryimage\",\"url\":\"https:\/\/bricspolicycenter.org\/wp-content\/uploads\/2018\/08\/For\u00e7as-Armadas-fazem-mais-uma-opera\u00e7\u00e3o-na-Vila-Kennedy-zona-oeste-do-Rio-de-Janeiro.jpg\",\"contentUrl\":\"https:\/\/bricspolicycenter.org\/wp-content\/uploads\/2018\/08\/For\u00e7as-Armadas-fazem-mais-uma-opera\u00e7\u00e3o-na-Vila-Kennedy-zona-oeste-do-Rio-de-Janeiro.jpg\",\"width\":2340,\"height\":1460,\"caption\":\"Rio de Janeiro - For\u00e7as Armadas fazem mais uma opera\u00e7\u00e3o na Vila Kennedy, zona oesta da cidade (T\u00e2nia R\u00eago\/Ag\u00eancia Brasil)\"},{\"@type\":\"BreadcrumbList\",\"@id\":\"https:\/\/bricspolicycenter.org\/o-direito-a-cidade-em-tempos-de-intervencao\/#breadcrumb\",\"itemListElement\":[{\"@type\":\"ListItem\",\"position\":1,\"name\":\"In\u00edcio\",\"item\":\"https:\/\/bricspolicycenter.org\/en\/\"},{\"@type\":\"ListItem\",\"position\":2,\"name\":\"The Right to the City in Times of Intervention\"}]},{\"@type\":\"WebSite\",\"@id\":\"https:\/\/bricspolicycenter.org\/en\/#website\",\"url\":\"https:\/\/bricspolicycenter.org\/en\/\",\"name\":\"brq\",\"description\":\"S\u00f3 mais um site WordPress\",\"potentialAction\":[{\"@type\":\"SearchAction\",\"target\":{\"@type\":\"EntryPoint\",\"urlTemplate\":\"https:\/\/bricspolicycenter.org\/en\/?s={search_term_string}\"},\"query-input\":{\"@type\":\"PropertyValueSpecification\",\"valueRequired\":true,\"valueName\":\"search_term_string\"}}],\"inLanguage\":\"en-US\"},{\"@type\":\"Person\",\"@id\":\"https:\/\/bricspolicycenter.org\/en\/#\/schema\/person\/26c153b3b32b6f62ce4a42640a4bcdf9\",\"name\":\"Helena Carmona\",\"image\":{\"@type\":\"ImageObject\",\"inLanguage\":\"en-US\",\"@id\":\"https:\/\/bricspolicycenter.org\/en\/#\/schema\/person\/image\/\",\"url\":\"https:\/\/secure.gravatar.com\/avatar\/755b57cbe5e6d02bdbe13a3a6d4c5500?s=96&d=mm&r=g\",\"contentUrl\":\"https:\/\/secure.gravatar.com\/avatar\/755b57cbe5e6d02bdbe13a3a6d4c5500?s=96&d=mm&r=g\",\"caption\":\"Helena Carmona\"},\"url\":\"https:\/\/bricspolicycenter.org\/en\/author\/helena\/\"}]}<\/script>\n<!-- \/ Yoast SEO plugin. -->","yoast_head_json":{"title":"The Right to the City in Times of Intervention - brq","robots":{"index":"index","follow":"follow","max-snippet":"max-snippet:-1","max-image-preview":"max-image-preview:large","max-video-preview":"max-video-preview:-1"},"canonical":"https:\/\/bricspolicycenter.org\/o-direito-a-cidade-em-tempos-de-intervencao\/","og_locale":"en_US","og_type":"article","og_title":"The Right to the City in Times of Intervention - brq","og_description":"Photo: Tania Rego\/ Ag\u00eancia Brasil On August 15, 2018, the BRICS Policy Center hosted the Dialogue &#8220;The Right to the City in Times of Intervention&#8221;, organized by theBRICS-Urbe. The program,...","og_url":"https:\/\/bricspolicycenter.org\/o-direito-a-cidade-em-tempos-de-intervencao\/","og_site_name":"brq","article_published_time":"2018-08-20T17:12:04+00:00","article_modified_time":"2018-10-04T17:14:16+00:00","og_image":[{"width":2340,"height":1460,"url":"https:\/\/bricspolicycenter.org\/wp-content\/uploads\/2018\/08\/For\u00e7as-Armadas-fazem-mais-uma-opera\u00e7\u00e3o-na-Vila-Kennedy-zona-oeste-do-Rio-de-Janeiro.jpg","type":"image\/jpeg"}],"author":"Helena Carmona","twitter_card":"summary_large_image","twitter_misc":{"Written by":"Helena Carmona","Est. reading time":"2 minutes"},"schema":{"@context":"https:\/\/schema.org","@graph":[{"@type":"WebPage","@id":"https:\/\/bricspolicycenter.org\/o-direito-a-cidade-em-tempos-de-intervencao\/","url":"https:\/\/bricspolicycenter.org\/o-direito-a-cidade-em-tempos-de-intervencao\/","name":"The Right to the City in Times of Intervention - brq","isPartOf":{"@id":"https:\/\/bricspolicycenter.org\/en\/#website"},"primaryImageOfPage":{"@id":"https:\/\/bricspolicycenter.org\/o-direito-a-cidade-em-tempos-de-intervencao\/#primaryimage"},"image":{"@id":"https:\/\/bricspolicycenter.org\/o-direito-a-cidade-em-tempos-de-intervencao\/#primaryimage"},"thumbnailUrl":"https:\/\/bricspolicycenter.org\/wp-content\/uploads\/2018\/08\/For\u00e7as-Armadas-fazem-mais-uma-opera\u00e7\u00e3o-na-Vila-Kennedy-zona-oeste-do-Rio-de-Janeiro.jpg","datePublished":"2018-08-20T17:12:04+00:00","dateModified":"2018-10-04T17:14:16+00:00","author":{"@id":"https:\/\/bricspolicycenter.org\/en\/#\/schema\/person\/26c153b3b32b6f62ce4a42640a4bcdf9"},"breadcrumb":{"@id":"https:\/\/bricspolicycenter.org\/o-direito-a-cidade-em-tempos-de-intervencao\/#breadcrumb"},"inLanguage":"en-US","potentialAction":[{"@type":"ReadAction","target":["https:\/\/bricspolicycenter.org\/o-direito-a-cidade-em-tempos-de-intervencao\/"]}]},{"@type":"ImageObject","inLanguage":"en-US","@id":"https:\/\/bricspolicycenter.org\/o-direito-a-cidade-em-tempos-de-intervencao\/#primaryimage","url":"https:\/\/bricspolicycenter.org\/wp-content\/uploads\/2018\/08\/For\u00e7as-Armadas-fazem-mais-uma-opera\u00e7\u00e3o-na-Vila-Kennedy-zona-oeste-do-Rio-de-Janeiro.jpg","contentUrl":"https:\/\/bricspolicycenter.org\/wp-content\/uploads\/2018\/08\/For\u00e7as-Armadas-fazem-mais-uma-opera\u00e7\u00e3o-na-Vila-Kennedy-zona-oeste-do-Rio-de-Janeiro.jpg","width":2340,"height":1460,"caption":"Rio de Janeiro - For\u00e7as Armadas fazem mais uma opera\u00e7\u00e3o na Vila Kennedy, zona oesta da cidade (T\u00e2nia R\u00eago\/Ag\u00eancia Brasil)"},{"@type":"BreadcrumbList","@id":"https:\/\/bricspolicycenter.org\/o-direito-a-cidade-em-tempos-de-intervencao\/#breadcrumb","itemListElement":[{"@type":"ListItem","position":1,"name":"In\u00edcio","item":"https:\/\/bricspolicycenter.org\/en\/"},{"@type":"ListItem","position":2,"name":"The Right to the City in Times of Intervention"}]},{"@type":"WebSite","@id":"https:\/\/bricspolicycenter.org\/en\/#website","url":"https:\/\/bricspolicycenter.org\/en\/","name":"brq","description":"S\u00f3 mais um site WordPress","potentialAction":[{"@type":"SearchAction","target":{"@type":"EntryPoint","urlTemplate":"https:\/\/bricspolicycenter.org\/en\/?s={search_term_string}"},"query-input":{"@type":"PropertyValueSpecification","valueRequired":true,"valueName":"search_term_string"}}],"inLanguage":"en-US"},{"@type":"Person","@id":"https:\/\/bricspolicycenter.org\/en\/#\/schema\/person\/26c153b3b32b6f62ce4a42640a4bcdf9","name":"Helena Carmona","image":{"@type":"ImageObject","inLanguage":"en-US","@id":"https:\/\/bricspolicycenter.org\/en\/#\/schema\/person\/image\/","url":"https:\/\/secure.gravatar.com\/avatar\/755b57cbe5e6d02bdbe13a3a6d4c5500?s=96&d=mm&r=g","contentUrl":"https:\/\/secure.gravatar.com\/avatar\/755b57cbe5e6d02bdbe13a3a6d4c5500?s=96&d=mm&r=g","caption":"Helena Carmona"},"url":"https:\/\/bricspolicycenter.org\/en\/author\/helena\/"}]}},"_links":{"self":[{"href":"https:\/\/bricspolicycenter.org\/en\/wp-json\/wp\/v2\/posts\/8908","targetHints":{"allow":["GET"]}}],"collection":[{"href":"https:\/\/bricspolicycenter.org\/en\/wp-json\/wp\/v2\/posts"}],"about":[{"href":"https:\/\/bricspolicycenter.org\/en\/wp-json\/wp\/v2\/types\/post"}],"author":[{"embeddable":true,"href":"https:\/\/bricspolicycenter.org\/en\/wp-json\/wp\/v2\/users\/10"}],"replies":[{"embeddable":true,"href":"https:\/\/bricspolicycenter.org\/en\/wp-json\/wp\/v2\/comments?post=8908"}],"version-history":[{"count":0,"href":"https:\/\/bricspolicycenter.org\/en\/wp-json\/wp\/v2\/posts\/8908\/revisions"}],"wp:featuredmedia":[{"embeddable":true,"href":"https:\/\/bricspolicycenter.org\/en\/wp-json\/wp\/v2\/media\/8910"}],"wp:attachment":[{"href":"https:\/\/bricspolicycenter.org\/en\/wp-json\/wp\/v2\/media?parent=8908"}],"wp:term":[{"taxonomy":"category","embeddable":true,"href":"https:\/\/bricspolicycenter.org\/en\/wp-json\/wp\/v2\/categories?post=8908"},{"taxonomy":"post_tag","embeddable":true,"href":"https:\/\/bricspolicycenter.org\/en\/wp-json\/wp\/v2\/tags?post=8908"}],"curies":[{"name":"wp","href":"https:\/\/api.w.org\/{rel}","templated":true}]}}