{"id":21813,"date":"2025-02-24T10:41:33","date_gmt":"2025-02-24T13:41:33","guid":{"rendered":"https:\/\/bricspolicycenter.org\/?p=21813"},"modified":"2025-02-26T11:40:20","modified_gmt":"2025-02-26T14:40:20","slug":"brics-policy-center-director-marta-fernandez-and-deputy-director-maria-elena-rodriguez-wrote-an-article-for-latinoamerica21-to-discuss-the-impacts-of-the-trump-administration-on-latin-america","status":"publish","type":"post","link":"https:\/\/bricspolicycenter.org\/en\/brics-policy-center-director-marta-fernandez-and-deputy-director-maria-elena-rodriguez-wrote-an-article-for-latinoamerica21-to-discuss-the-impacts-of-the-trump-administration-on-latin-america\/","title":{"rendered":"BRICS Policy Center director Marta Fern\u00e1ndez and deputy director Mar\u00eda Elena Rodr\u00edguez wrote an article for Latinoam\u00e9rica21 to discuss the impacts of the Trump administration on Latin America"},"content":{"rendered":"<p>BRICS Policy Center director Marta Fern\u00e1ndez and deputy director Mar\u00eda Elena Rodr\u00edguez wrote an article for Latinoam\u00e9rica21 to discuss the impacts of the Trump administration on Latin America. The article was also published in the newspaper <a href=\"https:\/\/www.elindependiente.sv\/2025\/02\/23\/que-esperar-de-la-administracion-trump-en-america-latina\/\">El Independiente<\/a> and in <a href=\"https:\/\/www1.folha.uol.com.br\/colunas\/latinoamerica21\/2025\/02\/o-que-esperar-do-governo-trump-na-america-latina.shtml\">Folha de S\u00e3o Paulo.<\/a><br \/>\nThe researchers analyzed how the new US administration could intensify the dispute with China in Latin America, using trade tariffs as a tool of coercion. Both emphasize that the region must unite in order not to be just a supplier of commodities and to strengthen its autonomy.<\/p>\n<p>&nbsp;<\/p>\n<a href=\"https:\/\/latinoamerica21.com\/pt-br\/o-que-esperar-do-governo-trump-na-america-latina\/\" target=\"_blank\"  class=\"qbutton \" style=\"\">Check out the full article:<\/a>\n","protected":false},"excerpt":{"rendered":"<p>The researchers analyzed how the new US administration could intensify the dispute with China in Latin America, using trade tariffs as a tool of coercion. Both emphasize that the region must unite in order not to be just a supplier of commodities and to strengthen its autonomy. <\/p>\n","protected":false},"author":18,"featured_media":21811,"comment_status":"open","ping_status":"open","sticky":false,"template":"","format":"standard","meta":{"footnotes":""},"categories":[341,218],"tags":[831,833,1474,1403],"class_list":["post-21813","post","type-post","status-publish","format-standard","has-post-thumbnail","hentry","category-media-coverage","category-news","tag-secao-06"],"yoast_head":"<!-- This site is optimized with the Yoast SEO plugin v24.6 - https:\/\/yoast.com\/wordpress\/plugins\/seo\/ -->\n<title>BRICS Policy Center director Marta Fern\u00e1ndez and deputy director Mar\u00eda Elena Rodr\u00edguez wrote an article for Latinoam\u00e9rica21 to discuss the impacts of the Trump administration on Latin America - brq<\/title>\n<meta name=\"robots\" content=\"index, follow, max-snippet:-1, max-image-preview:large, max-video-preview:-1\" \/>\n<link rel=\"canonical\" href=\"https:\/\/bricspolicycenter.org\/en\/brics-policy-center-director-marta-fernandez-and-deputy-director-maria-elena-rodriguez-wrote-an-article-for-latinoamerica21-to-discuss-the-impacts-of-the-trump-administration-on-latin-america\/\" \/>\n<meta property=\"og:locale\" content=\"en_US\" \/>\n<meta property=\"og:type\" content=\"article\" \/>\n<meta property=\"og:title\" content=\"BRICS Policy Center director Marta Fern\u00e1ndez and deputy director Mar\u00eda Elena Rodr\u00edguez wrote an article for Latinoam\u00e9rica21 to discuss the impacts of the Trump administration on Latin America - brq\" \/>\n<meta property=\"og:description\" content=\"The researchers analyzed how the new US administration could intensify the dispute with China in Latin America, using trade tariffs as a tool of coercion. Both emphasize that the region must unite in order not to be just a supplier of commodities and to strengthen its autonomy.\" \/>\n<meta property=\"og:url\" content=\"https:\/\/bricspolicycenter.org\/en\/brics-policy-center-director-marta-fernandez-and-deputy-director-maria-elena-rodriguez-wrote-an-article-for-latinoamerica21-to-discuss-the-impacts-of-the-trump-administration-on-latin-america\/\" \/>\n<meta property=\"og:site_name\" content=\"brq\" \/>\n<meta property=\"article:published_time\" content=\"2025-02-24T13:41:33+00:00\" \/>\n<meta property=\"article:modified_time\" content=\"2025-02-26T14:40:20+00:00\" \/>\n<meta property=\"og:image\" content=\"https:\/\/bricspolicycenter.org\/wp-content\/uploads\/2025\/02\/WhatsApp-Image-2025-02-24-at-10.08.31.jpeg\" \/>\n\t<meta property=\"og:image:width\" content=\"1024\" \/>\n\t<meta property=\"og:image:height\" content=\"1280\" \/>\n\t<meta property=\"og:image:type\" content=\"image\/jpeg\" \/>\n<meta name=\"author\" content=\"Adm BPC\" \/>\n<meta name=\"twitter:card\" content=\"summary_large_image\" \/>\n<meta name=\"twitter:label1\" content=\"Written by\" \/>\n\t<meta name=\"twitter:data1\" content=\"Adm BPC\" \/>\n\t<meta name=\"twitter:label2\" content=\"Est. reading time\" \/>\n\t<meta name=\"twitter:data2\" content=\"1 minute\" \/>\n<script type=\"application\/ld+json\" class=\"yoast-schema-graph\">{\"@context\":\"https:\/\/schema.org\",\"@graph\":[{\"@type\":\"WebPage\",\"@id\":\"https:\/\/bricspolicycenter.org\/en\/brics-policy-center-director-marta-fernandez-and-deputy-director-maria-elena-rodriguez-wrote-an-article-for-latinoamerica21-to-discuss-the-impacts-of-the-trump-administration-on-latin-america\/\",\"url\":\"https:\/\/bricspolicycenter.org\/en\/brics-policy-center-director-marta-fernandez-and-deputy-director-maria-elena-rodriguez-wrote-an-article-for-latinoamerica21-to-discuss-the-impacts-of-the-trump-administration-on-latin-america\/\",\"name\":\"BRICS Policy Center director Marta Fern\u00e1ndez and deputy director Mar\u00eda Elena Rodr\u00edguez wrote an article for Latinoam\u00e9rica21 to discuss the impacts of the Trump administration on Latin America - brq\",\"isPartOf\":{\"@id\":\"https:\/\/bricspolicycenter.org\/en\/#website\"},\"primaryImageOfPage\":{\"@id\":\"https:\/\/bricspolicycenter.org\/en\/brics-policy-center-director-marta-fernandez-and-deputy-director-maria-elena-rodriguez-wrote-an-article-for-latinoamerica21-to-discuss-the-impacts-of-the-trump-administration-on-latin-america\/#primaryimage\"},\"image\":{\"@id\":\"https:\/\/bricspolicycenter.org\/en\/brics-policy-center-director-marta-fernandez-and-deputy-director-maria-elena-rodriguez-wrote-an-article-for-latinoamerica21-to-discuss-the-impacts-of-the-trump-administration-on-latin-america\/#primaryimage\"},\"thumbnailUrl\":\"https:\/\/bricspolicycenter.org\/wp-content\/uploads\/2025\/02\/WhatsApp-Image-2025-02-24-at-10.08.31.jpeg\",\"datePublished\":\"2025-02-24T13:41:33+00:00\",\"dateModified\":\"2025-02-26T14:40:20+00:00\",\"author\":{\"@id\":\"https:\/\/bricspolicycenter.org\/en\/#\/schema\/person\/f34bc4c22f015ebcb023cebab0e0c9e4\"},\"breadcrumb\":{\"@id\":\"https:\/\/bricspolicycenter.org\/en\/brics-policy-center-director-marta-fernandez-and-deputy-director-maria-elena-rodriguez-wrote-an-article-for-latinoamerica21-to-discuss-the-impacts-of-the-trump-administration-on-latin-america\/#breadcrumb\"},\"inLanguage\":\"en-US\",\"potentialAction\":[{\"@type\":\"ReadAction\",\"target\":[\"https:\/\/bricspolicycenter.org\/en\/brics-policy-center-director-marta-fernandez-and-deputy-director-maria-elena-rodriguez-wrote-an-article-for-latinoamerica21-to-discuss-the-impacts-of-the-trump-administration-on-latin-america\/\"]}]},{\"@type\":\"ImageObject\",\"inLanguage\":\"en-US\",\"@id\":\"https:\/\/bricspolicycenter.org\/en\/brics-policy-center-director-marta-fernandez-and-deputy-director-maria-elena-rodriguez-wrote-an-article-for-latinoamerica21-to-discuss-the-impacts-of-the-trump-administration-on-latin-america\/#primaryimage\",\"url\":\"https:\/\/bricspolicycenter.org\/wp-content\/uploads\/2025\/02\/WhatsApp-Image-2025-02-24-at-10.08.31.jpeg\",\"contentUrl\":\"https:\/\/bricspolicycenter.org\/wp-content\/uploads\/2025\/02\/WhatsApp-Image-2025-02-24-at-10.08.31.jpeg\",\"width\":1024,\"height\":1280},{\"@type\":\"BreadcrumbList\",\"@id\":\"https:\/\/bricspolicycenter.org\/en\/brics-policy-center-director-marta-fernandez-and-deputy-director-maria-elena-rodriguez-wrote-an-article-for-latinoamerica21-to-discuss-the-impacts-of-the-trump-administration-on-latin-america\/#breadcrumb\",\"itemListElement\":[{\"@type\":\"ListItem\",\"position\":1,\"name\":\"In\u00edcio\",\"item\":\"https:\/\/bricspolicycenter.org\/en\/\"},{\"@type\":\"ListItem\",\"position\":2,\"name\":\"BRICS Policy Center director Marta Fern\u00e1ndez and deputy director Mar\u00eda Elena Rodr\u00edguez wrote an article for Latinoam\u00e9rica21 to discuss the impacts of the Trump administration on Latin America\"}]},{\"@type\":\"WebSite\",\"@id\":\"https:\/\/bricspolicycenter.org\/en\/#website\",\"url\":\"https:\/\/bricspolicycenter.org\/en\/\",\"name\":\"brq\",\"description\":\"S\u00f3 mais um site WordPress\",\"potentialAction\":[{\"@type\":\"SearchAction\",\"target\":{\"@type\":\"EntryPoint\",\"urlTemplate\":\"https:\/\/bricspolicycenter.org\/en\/?s={search_term_string}\"},\"query-input\":{\"@type\":\"PropertyValueSpecification\",\"valueRequired\":true,\"valueName\":\"search_term_string\"}}],\"inLanguage\":\"en-US\"},{\"@type\":\"Person\",\"@id\":\"https:\/\/bricspolicycenter.org\/en\/#\/schema\/person\/f34bc4c22f015ebcb023cebab0e0c9e4\",\"name\":\"Adm BPC\",\"image\":{\"@type\":\"ImageObject\",\"inLanguage\":\"en-US\",\"@id\":\"https:\/\/bricspolicycenter.org\/en\/#\/schema\/person\/image\/\",\"url\":\"https:\/\/secure.gravatar.com\/avatar\/52c5584f583eb4ce2f4ed6fc37be38eb?s=96&d=mm&r=g\",\"contentUrl\":\"https:\/\/secure.gravatar.com\/avatar\/52c5584f583eb4ce2f4ed6fc37be38eb?s=96&d=mm&r=g\",\"caption\":\"Adm BPC\"},\"url\":\"https:\/\/bricspolicycenter.org\/en\/author\/admbpc\/\"}]}<\/script>\n<!-- \/ Yoast SEO plugin. -->","yoast_head_json":{"title":"BRICS Policy Center director Marta Fern\u00e1ndez and deputy director Mar\u00eda Elena Rodr\u00edguez wrote an article for Latinoam\u00e9rica21 to discuss the impacts of the Trump administration on Latin America - brq","robots":{"index":"index","follow":"follow","max-snippet":"max-snippet:-1","max-image-preview":"max-image-preview:large","max-video-preview":"max-video-preview:-1"},"canonical":"https:\/\/bricspolicycenter.org\/en\/brics-policy-center-director-marta-fernandez-and-deputy-director-maria-elena-rodriguez-wrote-an-article-for-latinoamerica21-to-discuss-the-impacts-of-the-trump-administration-on-latin-america\/","og_locale":"en_US","og_type":"article","og_title":"BRICS Policy Center director Marta Fern\u00e1ndez and deputy director Mar\u00eda Elena Rodr\u00edguez wrote an article for Latinoam\u00e9rica21 to discuss the impacts of the Trump administration on Latin America - brq","og_description":"The researchers analyzed how the new US administration could intensify the dispute with China in Latin America, using trade tariffs as a tool of coercion. Both emphasize that the region must unite in order not to be just a supplier of commodities and to strengthen its autonomy.","og_url":"https:\/\/bricspolicycenter.org\/en\/brics-policy-center-director-marta-fernandez-and-deputy-director-maria-elena-rodriguez-wrote-an-article-for-latinoamerica21-to-discuss-the-impacts-of-the-trump-administration-on-latin-america\/","og_site_name":"brq","article_published_time":"2025-02-24T13:41:33+00:00","article_modified_time":"2025-02-26T14:40:20+00:00","og_image":[{"width":1024,"height":1280,"url":"https:\/\/bricspolicycenter.org\/wp-content\/uploads\/2025\/02\/WhatsApp-Image-2025-02-24-at-10.08.31.jpeg","type":"image\/jpeg"}],"author":"Adm BPC","twitter_card":"summary_large_image","twitter_misc":{"Written by":"Adm BPC","Est. reading time":"1 minute"},"schema":{"@context":"https:\/\/schema.org","@graph":[{"@type":"WebPage","@id":"https:\/\/bricspolicycenter.org\/en\/brics-policy-center-director-marta-fernandez-and-deputy-director-maria-elena-rodriguez-wrote-an-article-for-latinoamerica21-to-discuss-the-impacts-of-the-trump-administration-on-latin-america\/","url":"https:\/\/bricspolicycenter.org\/en\/brics-policy-center-director-marta-fernandez-and-deputy-director-maria-elena-rodriguez-wrote-an-article-for-latinoamerica21-to-discuss-the-impacts-of-the-trump-administration-on-latin-america\/","name":"BRICS Policy Center director Marta Fern\u00e1ndez and deputy director Mar\u00eda Elena Rodr\u00edguez wrote an article for Latinoam\u00e9rica21 to discuss the impacts of the Trump administration on Latin America - brq","isPartOf":{"@id":"https:\/\/bricspolicycenter.org\/en\/#website"},"primaryImageOfPage":{"@id":"https:\/\/bricspolicycenter.org\/en\/brics-policy-center-director-marta-fernandez-and-deputy-director-maria-elena-rodriguez-wrote-an-article-for-latinoamerica21-to-discuss-the-impacts-of-the-trump-administration-on-latin-america\/#primaryimage"},"image":{"@id":"https:\/\/bricspolicycenter.org\/en\/brics-policy-center-director-marta-fernandez-and-deputy-director-maria-elena-rodriguez-wrote-an-article-for-latinoamerica21-to-discuss-the-impacts-of-the-trump-administration-on-latin-america\/#primaryimage"},"thumbnailUrl":"https:\/\/bricspolicycenter.org\/wp-content\/uploads\/2025\/02\/WhatsApp-Image-2025-02-24-at-10.08.31.jpeg","datePublished":"2025-02-24T13:41:33+00:00","dateModified":"2025-02-26T14:40:20+00:00","author":{"@id":"https:\/\/bricspolicycenter.org\/en\/#\/schema\/person\/f34bc4c22f015ebcb023cebab0e0c9e4"},"breadcrumb":{"@id":"https:\/\/bricspolicycenter.org\/en\/brics-policy-center-director-marta-fernandez-and-deputy-director-maria-elena-rodriguez-wrote-an-article-for-latinoamerica21-to-discuss-the-impacts-of-the-trump-administration-on-latin-america\/#breadcrumb"},"inLanguage":"en-US","potentialAction":[{"@type":"ReadAction","target":["https:\/\/bricspolicycenter.org\/en\/brics-policy-center-director-marta-fernandez-and-deputy-director-maria-elena-rodriguez-wrote-an-article-for-latinoamerica21-to-discuss-the-impacts-of-the-trump-administration-on-latin-america\/"]}]},{"@type":"ImageObject","inLanguage":"en-US","@id":"https:\/\/bricspolicycenter.org\/en\/brics-policy-center-director-marta-fernandez-and-deputy-director-maria-elena-rodriguez-wrote-an-article-for-latinoamerica21-to-discuss-the-impacts-of-the-trump-administration-on-latin-america\/#primaryimage","url":"https:\/\/bricspolicycenter.org\/wp-content\/uploads\/2025\/02\/WhatsApp-Image-2025-02-24-at-10.08.31.jpeg","contentUrl":"https:\/\/bricspolicycenter.org\/wp-content\/uploads\/2025\/02\/WhatsApp-Image-2025-02-24-at-10.08.31.jpeg","width":1024,"height":1280},{"@type":"BreadcrumbList","@id":"https:\/\/bricspolicycenter.org\/en\/brics-policy-center-director-marta-fernandez-and-deputy-director-maria-elena-rodriguez-wrote-an-article-for-latinoamerica21-to-discuss-the-impacts-of-the-trump-administration-on-latin-america\/#breadcrumb","itemListElement":[{"@type":"ListItem","position":1,"name":"In\u00edcio","item":"https:\/\/bricspolicycenter.org\/en\/"},{"@type":"ListItem","position":2,"name":"BRICS Policy Center director Marta Fern\u00e1ndez and deputy director Mar\u00eda Elena Rodr\u00edguez wrote an article for Latinoam\u00e9rica21 to discuss the impacts of the Trump administration on Latin America"}]},{"@type":"WebSite","@id":"https:\/\/bricspolicycenter.org\/en\/#website","url":"https:\/\/bricspolicycenter.org\/en\/","name":"brq","description":"S\u00f3 mais um site WordPress","potentialAction":[{"@type":"SearchAction","target":{"@type":"EntryPoint","urlTemplate":"https:\/\/bricspolicycenter.org\/en\/?s={search_term_string}"},"query-input":{"@type":"PropertyValueSpecification","valueRequired":true,"valueName":"search_term_string"}}],"inLanguage":"en-US"},{"@type":"Person","@id":"https:\/\/bricspolicycenter.org\/en\/#\/schema\/person\/f34bc4c22f015ebcb023cebab0e0c9e4","name":"Adm BPC","image":{"@type":"ImageObject","inLanguage":"en-US","@id":"https:\/\/bricspolicycenter.org\/en\/#\/schema\/person\/image\/","url":"https:\/\/secure.gravatar.com\/avatar\/52c5584f583eb4ce2f4ed6fc37be38eb?s=96&d=mm&r=g","contentUrl":"https:\/\/secure.gravatar.com\/avatar\/52c5584f583eb4ce2f4ed6fc37be38eb?s=96&d=mm&r=g","caption":"Adm BPC"},"url":"https:\/\/bricspolicycenter.org\/en\/author\/admbpc\/"}]}},"_links":{"self":[{"href":"https:\/\/bricspolicycenter.org\/en\/wp-json\/wp\/v2\/posts\/21813","targetHints":{"allow":["GET"]}}],"collection":[{"href":"https:\/\/bricspolicycenter.org\/en\/wp-json\/wp\/v2\/posts"}],"about":[{"href":"https:\/\/bricspolicycenter.org\/en\/wp-json\/wp\/v2\/types\/post"}],"author":[{"embeddable":true,"href":"https:\/\/bricspolicycenter.org\/en\/wp-json\/wp\/v2\/users\/18"}],"replies":[{"embeddable":true,"href":"https:\/\/bricspolicycenter.org\/en\/wp-json\/wp\/v2\/comments?post=21813"}],"version-history":[{"count":6,"href":"https:\/\/bricspolicycenter.org\/en\/wp-json\/wp\/v2\/posts\/21813\/revisions"}],"predecessor-version":[{"id":21829,"href":"https:\/\/bricspolicycenter.org\/en\/wp-json\/wp\/v2\/posts\/21813\/revisions\/21829"}],"wp:featuredmedia":[{"embeddable":true,"href":"https:\/\/bricspolicycenter.org\/en\/wp-json\/wp\/v2\/media\/21811"}],"wp:attachment":[{"href":"https:\/\/bricspolicycenter.org\/en\/wp-json\/wp\/v2\/media?parent=21813"}],"wp:term":[{"taxonomy":"category","embeddable":true,"href":"https:\/\/bricspolicycenter.org\/en\/wp-json\/wp\/v2\/categories?post=21813"},{"taxonomy":"post_tag","embeddable":true,"href":"https:\/\/bricspolicycenter.org\/en\/wp-json\/wp\/v2\/tags?post=21813"}],"curies":[{"name":"wp","href":"https:\/\/api.w.org\/{rel}","templated":true}]}}