{"id":21366,"date":"2025-01-06T13:39:45","date_gmt":"2025-01-06T16:39:45","guid":{"rendered":"https:\/\/bricspolicycenter.org\/?p=21366"},"modified":"2025-03-21T13:58:59","modified_gmt":"2025-03-21T16:58:59","slug":"the-director-of-the-brics-policy-center-marta-fernandez-gave-an-interview-to-uol-about-the-strategic-role-of-brics-in-the-international-economic-and-political-context","status":"publish","type":"post","link":"https:\/\/bricspolicycenter.org\/en\/the-director-of-the-brics-policy-center-marta-fernandez-gave-an-interview-to-uol-about-the-strategic-role-of-brics-in-the-international-economic-and-political-context\/","title":{"rendered":"The director of the BRICS Policy Center, Marta Fern\u00e1ndez, gave an interview to Ag\u00eancia Brasil about the strategic role of BRICS in the international economic and political context"},"content":{"rendered":"<p>The director of the BRICS Policy Center, Marta Fern\u00e1ndez, spoke to Ag\u00eancia Brasil about the strategic role of the BRICS in the international economic and political context. According to Fern\u00e1ndez, the group, made up of Brazil, Russia, India, China and South Africa, has significant economic and military weight, which has demanded proportional political influence.<\/p>\n<p>&nbsp;<\/p>\n<a href=\"https:\/\/noticias.uol.com.br\/ultimas-noticias\/agencia-brasil\/2025\/01\/02\/brics-tem-mais-de-40-da-populacao-e-37-do-pib-mundiais.htm\" target=\"_blank\"  class=\"qbutton \" style=\"\">Read the full interview<\/a>\n","protected":false},"excerpt":{"rendered":"<p>The director of the BRICS Policy Center, Marta Fern\u00e1ndez, spoke to Ag\u00eancia Brasil about the strategic role of the BRICS in the international economic and political context.<\/p>\n","protected":false},"author":18,"featured_media":21364,"comment_status":"open","ping_status":"open","sticky":false,"template":"","format":"standard","meta":{"footnotes":""},"categories":[258,1824,341,218],"tags":[695,699,1403],"class_list":["post-21366","post","type-post","status-publish","format-standard","has-post-thumbnail","hentry","category-brics-en","category-brics-plus-media","category-media-coverage","category-news","tag-secao-06"],"yoast_head":"<!-- This site is optimized with the Yoast SEO plugin v24.6 - https:\/\/yoast.com\/wordpress\/plugins\/seo\/ -->\n<title>The director of the BRICS Policy Center, Marta Fern\u00e1ndez, gave an interview to Ag\u00eancia Brasil about the strategic role of BRICS in the international economic and political context - brq<\/title>\n<meta name=\"robots\" content=\"index, follow, max-snippet:-1, max-image-preview:large, max-video-preview:-1\" \/>\n<link rel=\"canonical\" href=\"https:\/\/bricspolicycenter.org\/en\/the-director-of-the-brics-policy-center-marta-fernandez-gave-an-interview-to-uol-about-the-strategic-role-of-brics-in-the-international-economic-and-political-context\/\" \/>\n<meta property=\"og:locale\" content=\"en_US\" \/>\n<meta property=\"og:type\" content=\"article\" \/>\n<meta property=\"og:title\" content=\"The director of the BRICS Policy Center, Marta Fern\u00e1ndez, gave an interview to Ag\u00eancia Brasil about the strategic role of BRICS in the international economic and political context - brq\" \/>\n<meta property=\"og:description\" content=\"The director of the BRICS Policy Center, Marta Fern\u00e1ndez, spoke to Ag\u00eancia Brasil about the strategic role of the BRICS in the international economic and political context.\" \/>\n<meta property=\"og:url\" content=\"https:\/\/bricspolicycenter.org\/en\/the-director-of-the-brics-policy-center-marta-fernandez-gave-an-interview-to-uol-about-the-strategic-role-of-brics-in-the-international-economic-and-political-context\/\" \/>\n<meta property=\"og:site_name\" content=\"brq\" \/>\n<meta property=\"article:published_time\" content=\"2025-01-06T16:39:45+00:00\" \/>\n<meta property=\"article:modified_time\" content=\"2025-03-21T16:58:59+00:00\" \/>\n<meta property=\"og:image\" content=\"https:\/\/bricspolicycenter.org\/wp-content\/uploads\/2025\/01\/WhatsApp-Image-2025-01-06-at-12.07.02.jpeg\" \/>\n\t<meta property=\"og:image:width\" content=\"1080\" \/>\n\t<meta property=\"og:image:height\" content=\"1080\" \/>\n\t<meta property=\"og:image:type\" content=\"image\/jpeg\" \/>\n<meta name=\"author\" content=\"Adm BPC\" \/>\n<meta name=\"twitter:card\" content=\"summary_large_image\" \/>\n<meta name=\"twitter:label1\" content=\"Written by\" \/>\n\t<meta name=\"twitter:data1\" content=\"Adm BPC\" \/>\n\t<meta name=\"twitter:label2\" content=\"Est. reading time\" \/>\n\t<meta name=\"twitter:data2\" content=\"1 minute\" \/>\n<script type=\"application\/ld+json\" class=\"yoast-schema-graph\">{\"@context\":\"https:\/\/schema.org\",\"@graph\":[{\"@type\":\"WebPage\",\"@id\":\"https:\/\/bricspolicycenter.org\/en\/the-director-of-the-brics-policy-center-marta-fernandez-gave-an-interview-to-uol-about-the-strategic-role-of-brics-in-the-international-economic-and-political-context\/\",\"url\":\"https:\/\/bricspolicycenter.org\/en\/the-director-of-the-brics-policy-center-marta-fernandez-gave-an-interview-to-uol-about-the-strategic-role-of-brics-in-the-international-economic-and-political-context\/\",\"name\":\"The director of the BRICS Policy Center, Marta Fern\u00e1ndez, gave an interview to Ag\u00eancia Brasil about the strategic role of BRICS in the international economic and political context - brq\",\"isPartOf\":{\"@id\":\"https:\/\/bricspolicycenter.org\/en\/#website\"},\"primaryImageOfPage\":{\"@id\":\"https:\/\/bricspolicycenter.org\/en\/the-director-of-the-brics-policy-center-marta-fernandez-gave-an-interview-to-uol-about-the-strategic-role-of-brics-in-the-international-economic-and-political-context\/#primaryimage\"},\"image\":{\"@id\":\"https:\/\/bricspolicycenter.org\/en\/the-director-of-the-brics-policy-center-marta-fernandez-gave-an-interview-to-uol-about-the-strategic-role-of-brics-in-the-international-economic-and-political-context\/#primaryimage\"},\"thumbnailUrl\":\"https:\/\/bricspolicycenter.org\/wp-content\/uploads\/2025\/01\/WhatsApp-Image-2025-01-06-at-12.07.02.jpeg\",\"datePublished\":\"2025-01-06T16:39:45+00:00\",\"dateModified\":\"2025-03-21T16:58:59+00:00\",\"author\":{\"@id\":\"https:\/\/bricspolicycenter.org\/en\/#\/schema\/person\/f34bc4c22f015ebcb023cebab0e0c9e4\"},\"breadcrumb\":{\"@id\":\"https:\/\/bricspolicycenter.org\/en\/the-director-of-the-brics-policy-center-marta-fernandez-gave-an-interview-to-uol-about-the-strategic-role-of-brics-in-the-international-economic-and-political-context\/#breadcrumb\"},\"inLanguage\":\"en-US\",\"potentialAction\":[{\"@type\":\"ReadAction\",\"target\":[\"https:\/\/bricspolicycenter.org\/en\/the-director-of-the-brics-policy-center-marta-fernandez-gave-an-interview-to-uol-about-the-strategic-role-of-brics-in-the-international-economic-and-political-context\/\"]}]},{\"@type\":\"ImageObject\",\"inLanguage\":\"en-US\",\"@id\":\"https:\/\/bricspolicycenter.org\/en\/the-director-of-the-brics-policy-center-marta-fernandez-gave-an-interview-to-uol-about-the-strategic-role-of-brics-in-the-international-economic-and-political-context\/#primaryimage\",\"url\":\"https:\/\/bricspolicycenter.org\/wp-content\/uploads\/2025\/01\/WhatsApp-Image-2025-01-06-at-12.07.02.jpeg\",\"contentUrl\":\"https:\/\/bricspolicycenter.org\/wp-content\/uploads\/2025\/01\/WhatsApp-Image-2025-01-06-at-12.07.02.jpeg\",\"width\":1080,\"height\":1080},{\"@type\":\"BreadcrumbList\",\"@id\":\"https:\/\/bricspolicycenter.org\/en\/the-director-of-the-brics-policy-center-marta-fernandez-gave-an-interview-to-uol-about-the-strategic-role-of-brics-in-the-international-economic-and-political-context\/#breadcrumb\",\"itemListElement\":[{\"@type\":\"ListItem\",\"position\":1,\"name\":\"In\u00edcio\",\"item\":\"https:\/\/bricspolicycenter.org\/en\/\"},{\"@type\":\"ListItem\",\"position\":2,\"name\":\"The director of the BRICS Policy Center, Marta Fern\u00e1ndez, gave an interview to Ag\u00eancia Brasil about the strategic role of BRICS in the international economic and political context\"}]},{\"@type\":\"WebSite\",\"@id\":\"https:\/\/bricspolicycenter.org\/en\/#website\",\"url\":\"https:\/\/bricspolicycenter.org\/en\/\",\"name\":\"brq\",\"description\":\"S\u00f3 mais um site WordPress\",\"potentialAction\":[{\"@type\":\"SearchAction\",\"target\":{\"@type\":\"EntryPoint\",\"urlTemplate\":\"https:\/\/bricspolicycenter.org\/en\/?s={search_term_string}\"},\"query-input\":{\"@type\":\"PropertyValueSpecification\",\"valueRequired\":true,\"valueName\":\"search_term_string\"}}],\"inLanguage\":\"en-US\"},{\"@type\":\"Person\",\"@id\":\"https:\/\/bricspolicycenter.org\/en\/#\/schema\/person\/f34bc4c22f015ebcb023cebab0e0c9e4\",\"name\":\"Adm BPC\",\"image\":{\"@type\":\"ImageObject\",\"inLanguage\":\"en-US\",\"@id\":\"https:\/\/bricspolicycenter.org\/en\/#\/schema\/person\/image\/\",\"url\":\"https:\/\/secure.gravatar.com\/avatar\/52c5584f583eb4ce2f4ed6fc37be38eb?s=96&d=mm&r=g\",\"contentUrl\":\"https:\/\/secure.gravatar.com\/avatar\/52c5584f583eb4ce2f4ed6fc37be38eb?s=96&d=mm&r=g\",\"caption\":\"Adm BPC\"},\"url\":\"https:\/\/bricspolicycenter.org\/en\/author\/admbpc\/\"}]}<\/script>\n<!-- \/ Yoast SEO plugin. -->","yoast_head_json":{"title":"The director of the BRICS Policy Center, Marta Fern\u00e1ndez, gave an interview to Ag\u00eancia Brasil about the strategic role of BRICS in the international economic and political context - brq","robots":{"index":"index","follow":"follow","max-snippet":"max-snippet:-1","max-image-preview":"max-image-preview:large","max-video-preview":"max-video-preview:-1"},"canonical":"https:\/\/bricspolicycenter.org\/en\/the-director-of-the-brics-policy-center-marta-fernandez-gave-an-interview-to-uol-about-the-strategic-role-of-brics-in-the-international-economic-and-political-context\/","og_locale":"en_US","og_type":"article","og_title":"The director of the BRICS Policy Center, Marta Fern\u00e1ndez, gave an interview to Ag\u00eancia Brasil about the strategic role of BRICS in the international economic and political context - brq","og_description":"The director of the BRICS Policy Center, Marta Fern\u00e1ndez, spoke to Ag\u00eancia Brasil about the strategic role of the BRICS in the international economic and political context.","og_url":"https:\/\/bricspolicycenter.org\/en\/the-director-of-the-brics-policy-center-marta-fernandez-gave-an-interview-to-uol-about-the-strategic-role-of-brics-in-the-international-economic-and-political-context\/","og_site_name":"brq","article_published_time":"2025-01-06T16:39:45+00:00","article_modified_time":"2025-03-21T16:58:59+00:00","og_image":[{"width":1080,"height":1080,"url":"https:\/\/bricspolicycenter.org\/wp-content\/uploads\/2025\/01\/WhatsApp-Image-2025-01-06-at-12.07.02.jpeg","type":"image\/jpeg"}],"author":"Adm BPC","twitter_card":"summary_large_image","twitter_misc":{"Written by":"Adm BPC","Est. reading time":"1 minute"},"schema":{"@context":"https:\/\/schema.org","@graph":[{"@type":"WebPage","@id":"https:\/\/bricspolicycenter.org\/en\/the-director-of-the-brics-policy-center-marta-fernandez-gave-an-interview-to-uol-about-the-strategic-role-of-brics-in-the-international-economic-and-political-context\/","url":"https:\/\/bricspolicycenter.org\/en\/the-director-of-the-brics-policy-center-marta-fernandez-gave-an-interview-to-uol-about-the-strategic-role-of-brics-in-the-international-economic-and-political-context\/","name":"The director of the BRICS Policy Center, Marta Fern\u00e1ndez, gave an interview to Ag\u00eancia Brasil about the strategic role of BRICS in the international economic and political context - brq","isPartOf":{"@id":"https:\/\/bricspolicycenter.org\/en\/#website"},"primaryImageOfPage":{"@id":"https:\/\/bricspolicycenter.org\/en\/the-director-of-the-brics-policy-center-marta-fernandez-gave-an-interview-to-uol-about-the-strategic-role-of-brics-in-the-international-economic-and-political-context\/#primaryimage"},"image":{"@id":"https:\/\/bricspolicycenter.org\/en\/the-director-of-the-brics-policy-center-marta-fernandez-gave-an-interview-to-uol-about-the-strategic-role-of-brics-in-the-international-economic-and-political-context\/#primaryimage"},"thumbnailUrl":"https:\/\/bricspolicycenter.org\/wp-content\/uploads\/2025\/01\/WhatsApp-Image-2025-01-06-at-12.07.02.jpeg","datePublished":"2025-01-06T16:39:45+00:00","dateModified":"2025-03-21T16:58:59+00:00","author":{"@id":"https:\/\/bricspolicycenter.org\/en\/#\/schema\/person\/f34bc4c22f015ebcb023cebab0e0c9e4"},"breadcrumb":{"@id":"https:\/\/bricspolicycenter.org\/en\/the-director-of-the-brics-policy-center-marta-fernandez-gave-an-interview-to-uol-about-the-strategic-role-of-brics-in-the-international-economic-and-political-context\/#breadcrumb"},"inLanguage":"en-US","potentialAction":[{"@type":"ReadAction","target":["https:\/\/bricspolicycenter.org\/en\/the-director-of-the-brics-policy-center-marta-fernandez-gave-an-interview-to-uol-about-the-strategic-role-of-brics-in-the-international-economic-and-political-context\/"]}]},{"@type":"ImageObject","inLanguage":"en-US","@id":"https:\/\/bricspolicycenter.org\/en\/the-director-of-the-brics-policy-center-marta-fernandez-gave-an-interview-to-uol-about-the-strategic-role-of-brics-in-the-international-economic-and-political-context\/#primaryimage","url":"https:\/\/bricspolicycenter.org\/wp-content\/uploads\/2025\/01\/WhatsApp-Image-2025-01-06-at-12.07.02.jpeg","contentUrl":"https:\/\/bricspolicycenter.org\/wp-content\/uploads\/2025\/01\/WhatsApp-Image-2025-01-06-at-12.07.02.jpeg","width":1080,"height":1080},{"@type":"BreadcrumbList","@id":"https:\/\/bricspolicycenter.org\/en\/the-director-of-the-brics-policy-center-marta-fernandez-gave-an-interview-to-uol-about-the-strategic-role-of-brics-in-the-international-economic-and-political-context\/#breadcrumb","itemListElement":[{"@type":"ListItem","position":1,"name":"In\u00edcio","item":"https:\/\/bricspolicycenter.org\/en\/"},{"@type":"ListItem","position":2,"name":"The director of the BRICS Policy Center, Marta Fern\u00e1ndez, gave an interview to Ag\u00eancia Brasil about the strategic role of BRICS in the international economic and political context"}]},{"@type":"WebSite","@id":"https:\/\/bricspolicycenter.org\/en\/#website","url":"https:\/\/bricspolicycenter.org\/en\/","name":"brq","description":"S\u00f3 mais um site WordPress","potentialAction":[{"@type":"SearchAction","target":{"@type":"EntryPoint","urlTemplate":"https:\/\/bricspolicycenter.org\/en\/?s={search_term_string}"},"query-input":{"@type":"PropertyValueSpecification","valueRequired":true,"valueName":"search_term_string"}}],"inLanguage":"en-US"},{"@type":"Person","@id":"https:\/\/bricspolicycenter.org\/en\/#\/schema\/person\/f34bc4c22f015ebcb023cebab0e0c9e4","name":"Adm BPC","image":{"@type":"ImageObject","inLanguage":"en-US","@id":"https:\/\/bricspolicycenter.org\/en\/#\/schema\/person\/image\/","url":"https:\/\/secure.gravatar.com\/avatar\/52c5584f583eb4ce2f4ed6fc37be38eb?s=96&d=mm&r=g","contentUrl":"https:\/\/secure.gravatar.com\/avatar\/52c5584f583eb4ce2f4ed6fc37be38eb?s=96&d=mm&r=g","caption":"Adm BPC"},"url":"https:\/\/bricspolicycenter.org\/en\/author\/admbpc\/"}]}},"_links":{"self":[{"href":"https:\/\/bricspolicycenter.org\/en\/wp-json\/wp\/v2\/posts\/21366","targetHints":{"allow":["GET"]}}],"collection":[{"href":"https:\/\/bricspolicycenter.org\/en\/wp-json\/wp\/v2\/posts"}],"about":[{"href":"https:\/\/bricspolicycenter.org\/en\/wp-json\/wp\/v2\/types\/post"}],"author":[{"embeddable":true,"href":"https:\/\/bricspolicycenter.org\/en\/wp-json\/wp\/v2\/users\/18"}],"replies":[{"embeddable":true,"href":"https:\/\/bricspolicycenter.org\/en\/wp-json\/wp\/v2\/comments?post=21366"}],"version-history":[{"count":2,"href":"https:\/\/bricspolicycenter.org\/en\/wp-json\/wp\/v2\/posts\/21366\/revisions"}],"predecessor-version":[{"id":21370,"href":"https:\/\/bricspolicycenter.org\/en\/wp-json\/wp\/v2\/posts\/21366\/revisions\/21370"}],"wp:featuredmedia":[{"embeddable":true,"href":"https:\/\/bricspolicycenter.org\/en\/wp-json\/wp\/v2\/media\/21364"}],"wp:attachment":[{"href":"https:\/\/bricspolicycenter.org\/en\/wp-json\/wp\/v2\/media?parent=21366"}],"wp:term":[{"taxonomy":"category","embeddable":true,"href":"https:\/\/bricspolicycenter.org\/en\/wp-json\/wp\/v2\/categories?post=21366"},{"taxonomy":"post_tag","embeddable":true,"href":"https:\/\/bricspolicycenter.org\/en\/wp-json\/wp\/v2\/tags?post=21366"}],"curies":[{"name":"wp","href":"https:\/\/api.w.org\/{rel}","templated":true}]}}