{"id":21073,"date":"2024-12-03T09:53:24","date_gmt":"2024-12-03T12:53:24","guid":{"rendered":"https:\/\/bricspolicycenter.org\/?p=21073"},"modified":"2024-12-03T09:53:24","modified_gmt":"2024-12-03T12:53:24","slug":"brics-policy-center-researcher-ana-garcia-gave-an-interview-to-the-observatorio-da-mineracao","status":"publish","type":"post","link":"https:\/\/bricspolicycenter.org\/en\/brics-policy-center-researcher-ana-garcia-gave-an-interview-to-the-observatorio-da-mineracao\/","title":{"rendered":"BRICS Policy Center researcher, Ana Garcia, gave an interview to the Observat\u00f3rio da Minera\u00e7\u00e3o"},"content":{"rendered":"<p>In an interview with the <em>Observat\u00f3rio da Minera\u00e7\u00e3o<\/em>, researcher Ana Garcia from the BRICS Policy Center highlighted the lack of guarantees for technology transfer in the agreement between Brazil and China for the exploration of critical minerals. According to her, China maintains control over its innovations, leaving Brazil as a supplier of raw materials. The installation of BYD in Brazil exemplifies this trend, with large investments but little shared technology. Ana argues that Brazil should demand more counteroffers to avoid becoming dependent. For more details, check out the interview:<\/p>\n<a href=\"https:\/\/observatoriodamineracao.com.br\/comunidades-tradicionais-e-salvaguardas-sociais-ficam-de-fora-do-acordo-entre-brasil-e-china-para-ampliar-exploracao-de-minerais-criticos\/\" target=\"_blank\"  class=\"qbutton \" style=\"\">Read the full interview<\/a>\n","protected":false},"excerpt":{"rendered":"<p>In an interview with the Observat\u00f3rio da Minera\u00e7\u00e3o, researcher Ana Garcia from the BRICS Policy Center highlighted the lack of guarantees for technology transfer in the agreement between Brazil and&#8230;<\/p>\n","protected":false},"author":18,"featured_media":21074,"comment_status":"open","ping_status":"open","sticky":false,"template":"","format":"standard","meta":{"footnotes":""},"categories":[218],"tags":[720,699],"class_list":["post-21073","post","type-post","status-publish","format-standard","has-post-thumbnail","hentry","category-news","tag-secao-06"],"yoast_head":"<!-- This site is optimized with the Yoast SEO plugin v24.6 - https:\/\/yoast.com\/wordpress\/plugins\/seo\/ -->\n<title>BRICS Policy Center researcher, Ana Garcia, gave an interview to the Observat\u00f3rio da Minera\u00e7\u00e3o - brq<\/title>\n<meta name=\"robots\" content=\"index, follow, max-snippet:-1, max-image-preview:large, max-video-preview:-1\" \/>\n<link rel=\"canonical\" href=\"https:\/\/bricspolicycenter.org\/en\/brics-policy-center-researcher-ana-garcia-gave-an-interview-to-the-observatorio-da-mineracao\/\" \/>\n<meta property=\"og:locale\" content=\"en_US\" \/>\n<meta property=\"og:type\" content=\"article\" \/>\n<meta property=\"og:title\" content=\"BRICS Policy Center researcher, Ana Garcia, gave an interview to the Observat\u00f3rio da Minera\u00e7\u00e3o - brq\" \/>\n<meta property=\"og:description\" content=\"In an interview with the Observat\u00f3rio da Minera\u00e7\u00e3o, researcher Ana Garcia from the BRICS Policy Center highlighted the lack of guarantees for technology transfer in the agreement between Brazil and...\" \/>\n<meta property=\"og:url\" content=\"https:\/\/bricspolicycenter.org\/en\/brics-policy-center-researcher-ana-garcia-gave-an-interview-to-the-observatorio-da-mineracao\/\" \/>\n<meta property=\"og:site_name\" content=\"brq\" \/>\n<meta property=\"article:published_time\" content=\"2024-12-03T12:53:24+00:00\" \/>\n<meta property=\"og:image\" content=\"https:\/\/bricspolicycenter.org\/wp-content\/uploads\/2024\/12\/WhatsApp-Image-2024-12-02-at-16.03.45.jpeg\" \/>\n\t<meta property=\"og:image:width\" content=\"1080\" \/>\n\t<meta property=\"og:image:height\" content=\"1080\" \/>\n\t<meta property=\"og:image:type\" content=\"image\/jpeg\" \/>\n<meta name=\"author\" content=\"Adm BPC\" \/>\n<meta name=\"twitter:card\" content=\"summary_large_image\" \/>\n<meta name=\"twitter:label1\" content=\"Written by\" \/>\n\t<meta name=\"twitter:data1\" content=\"Adm BPC\" \/>\n\t<meta name=\"twitter:label2\" content=\"Est. reading time\" \/>\n\t<meta name=\"twitter:data2\" content=\"1 minute\" \/>\n<script type=\"application\/ld+json\" class=\"yoast-schema-graph\">{\"@context\":\"https:\/\/schema.org\",\"@graph\":[{\"@type\":\"WebPage\",\"@id\":\"https:\/\/bricspolicycenter.org\/en\/brics-policy-center-researcher-ana-garcia-gave-an-interview-to-the-observatorio-da-mineracao\/\",\"url\":\"https:\/\/bricspolicycenter.org\/en\/brics-policy-center-researcher-ana-garcia-gave-an-interview-to-the-observatorio-da-mineracao\/\",\"name\":\"BRICS Policy Center researcher, Ana Garcia, gave an interview to the Observat\u00f3rio da Minera\u00e7\u00e3o - brq\",\"isPartOf\":{\"@id\":\"https:\/\/bricspolicycenter.org\/en\/#website\"},\"primaryImageOfPage\":{\"@id\":\"https:\/\/bricspolicycenter.org\/en\/brics-policy-center-researcher-ana-garcia-gave-an-interview-to-the-observatorio-da-mineracao\/#primaryimage\"},\"image\":{\"@id\":\"https:\/\/bricspolicycenter.org\/en\/brics-policy-center-researcher-ana-garcia-gave-an-interview-to-the-observatorio-da-mineracao\/#primaryimage\"},\"thumbnailUrl\":\"https:\/\/bricspolicycenter.org\/wp-content\/uploads\/2024\/12\/WhatsApp-Image-2024-12-02-at-16.03.45.jpeg\",\"datePublished\":\"2024-12-03T12:53:24+00:00\",\"author\":{\"@id\":\"https:\/\/bricspolicycenter.org\/en\/#\/schema\/person\/f34bc4c22f015ebcb023cebab0e0c9e4\"},\"breadcrumb\":{\"@id\":\"https:\/\/bricspolicycenter.org\/en\/brics-policy-center-researcher-ana-garcia-gave-an-interview-to-the-observatorio-da-mineracao\/#breadcrumb\"},\"inLanguage\":\"en-US\",\"potentialAction\":[{\"@type\":\"ReadAction\",\"target\":[\"https:\/\/bricspolicycenter.org\/en\/brics-policy-center-researcher-ana-garcia-gave-an-interview-to-the-observatorio-da-mineracao\/\"]}]},{\"@type\":\"ImageObject\",\"inLanguage\":\"en-US\",\"@id\":\"https:\/\/bricspolicycenter.org\/en\/brics-policy-center-researcher-ana-garcia-gave-an-interview-to-the-observatorio-da-mineracao\/#primaryimage\",\"url\":\"https:\/\/bricspolicycenter.org\/wp-content\/uploads\/2024\/12\/WhatsApp-Image-2024-12-02-at-16.03.45.jpeg\",\"contentUrl\":\"https:\/\/bricspolicycenter.org\/wp-content\/uploads\/2024\/12\/WhatsApp-Image-2024-12-02-at-16.03.45.jpeg\",\"width\":1080,\"height\":1080},{\"@type\":\"BreadcrumbList\",\"@id\":\"https:\/\/bricspolicycenter.org\/en\/brics-policy-center-researcher-ana-garcia-gave-an-interview-to-the-observatorio-da-mineracao\/#breadcrumb\",\"itemListElement\":[{\"@type\":\"ListItem\",\"position\":1,\"name\":\"In\u00edcio\",\"item\":\"https:\/\/bricspolicycenter.org\/en\/\"},{\"@type\":\"ListItem\",\"position\":2,\"name\":\"BRICS Policy Center researcher, Ana Garcia, gave an interview to the Observat\u00f3rio da Minera\u00e7\u00e3o\"}]},{\"@type\":\"WebSite\",\"@id\":\"https:\/\/bricspolicycenter.org\/en\/#website\",\"url\":\"https:\/\/bricspolicycenter.org\/en\/\",\"name\":\"brq\",\"description\":\"S\u00f3 mais um site WordPress\",\"potentialAction\":[{\"@type\":\"SearchAction\",\"target\":{\"@type\":\"EntryPoint\",\"urlTemplate\":\"https:\/\/bricspolicycenter.org\/en\/?s={search_term_string}\"},\"query-input\":{\"@type\":\"PropertyValueSpecification\",\"valueRequired\":true,\"valueName\":\"search_term_string\"}}],\"inLanguage\":\"en-US\"},{\"@type\":\"Person\",\"@id\":\"https:\/\/bricspolicycenter.org\/en\/#\/schema\/person\/f34bc4c22f015ebcb023cebab0e0c9e4\",\"name\":\"Adm BPC\",\"image\":{\"@type\":\"ImageObject\",\"inLanguage\":\"en-US\",\"@id\":\"https:\/\/bricspolicycenter.org\/en\/#\/schema\/person\/image\/\",\"url\":\"https:\/\/secure.gravatar.com\/avatar\/52c5584f583eb4ce2f4ed6fc37be38eb?s=96&d=mm&r=g\",\"contentUrl\":\"https:\/\/secure.gravatar.com\/avatar\/52c5584f583eb4ce2f4ed6fc37be38eb?s=96&d=mm&r=g\",\"caption\":\"Adm BPC\"},\"url\":\"https:\/\/bricspolicycenter.org\/en\/author\/admbpc\/\"}]}<\/script>\n<!-- \/ Yoast SEO plugin. -->","yoast_head_json":{"title":"BRICS Policy Center researcher, Ana Garcia, gave an interview to the Observat\u00f3rio da Minera\u00e7\u00e3o - brq","robots":{"index":"index","follow":"follow","max-snippet":"max-snippet:-1","max-image-preview":"max-image-preview:large","max-video-preview":"max-video-preview:-1"},"canonical":"https:\/\/bricspolicycenter.org\/en\/brics-policy-center-researcher-ana-garcia-gave-an-interview-to-the-observatorio-da-mineracao\/","og_locale":"en_US","og_type":"article","og_title":"BRICS Policy Center researcher, Ana Garcia, gave an interview to the Observat\u00f3rio da Minera\u00e7\u00e3o - brq","og_description":"In an interview with the Observat\u00f3rio da Minera\u00e7\u00e3o, researcher Ana Garcia from the BRICS Policy Center highlighted the lack of guarantees for technology transfer in the agreement between Brazil and...","og_url":"https:\/\/bricspolicycenter.org\/en\/brics-policy-center-researcher-ana-garcia-gave-an-interview-to-the-observatorio-da-mineracao\/","og_site_name":"brq","article_published_time":"2024-12-03T12:53:24+00:00","og_image":[{"width":1080,"height":1080,"url":"https:\/\/bricspolicycenter.org\/wp-content\/uploads\/2024\/12\/WhatsApp-Image-2024-12-02-at-16.03.45.jpeg","type":"image\/jpeg"}],"author":"Adm BPC","twitter_card":"summary_large_image","twitter_misc":{"Written by":"Adm BPC","Est. reading time":"1 minute"},"schema":{"@context":"https:\/\/schema.org","@graph":[{"@type":"WebPage","@id":"https:\/\/bricspolicycenter.org\/en\/brics-policy-center-researcher-ana-garcia-gave-an-interview-to-the-observatorio-da-mineracao\/","url":"https:\/\/bricspolicycenter.org\/en\/brics-policy-center-researcher-ana-garcia-gave-an-interview-to-the-observatorio-da-mineracao\/","name":"BRICS Policy Center researcher, Ana Garcia, gave an interview to the Observat\u00f3rio da Minera\u00e7\u00e3o - brq","isPartOf":{"@id":"https:\/\/bricspolicycenter.org\/en\/#website"},"primaryImageOfPage":{"@id":"https:\/\/bricspolicycenter.org\/en\/brics-policy-center-researcher-ana-garcia-gave-an-interview-to-the-observatorio-da-mineracao\/#primaryimage"},"image":{"@id":"https:\/\/bricspolicycenter.org\/en\/brics-policy-center-researcher-ana-garcia-gave-an-interview-to-the-observatorio-da-mineracao\/#primaryimage"},"thumbnailUrl":"https:\/\/bricspolicycenter.org\/wp-content\/uploads\/2024\/12\/WhatsApp-Image-2024-12-02-at-16.03.45.jpeg","datePublished":"2024-12-03T12:53:24+00:00","author":{"@id":"https:\/\/bricspolicycenter.org\/en\/#\/schema\/person\/f34bc4c22f015ebcb023cebab0e0c9e4"},"breadcrumb":{"@id":"https:\/\/bricspolicycenter.org\/en\/brics-policy-center-researcher-ana-garcia-gave-an-interview-to-the-observatorio-da-mineracao\/#breadcrumb"},"inLanguage":"en-US","potentialAction":[{"@type":"ReadAction","target":["https:\/\/bricspolicycenter.org\/en\/brics-policy-center-researcher-ana-garcia-gave-an-interview-to-the-observatorio-da-mineracao\/"]}]},{"@type":"ImageObject","inLanguage":"en-US","@id":"https:\/\/bricspolicycenter.org\/en\/brics-policy-center-researcher-ana-garcia-gave-an-interview-to-the-observatorio-da-mineracao\/#primaryimage","url":"https:\/\/bricspolicycenter.org\/wp-content\/uploads\/2024\/12\/WhatsApp-Image-2024-12-02-at-16.03.45.jpeg","contentUrl":"https:\/\/bricspolicycenter.org\/wp-content\/uploads\/2024\/12\/WhatsApp-Image-2024-12-02-at-16.03.45.jpeg","width":1080,"height":1080},{"@type":"BreadcrumbList","@id":"https:\/\/bricspolicycenter.org\/en\/brics-policy-center-researcher-ana-garcia-gave-an-interview-to-the-observatorio-da-mineracao\/#breadcrumb","itemListElement":[{"@type":"ListItem","position":1,"name":"In\u00edcio","item":"https:\/\/bricspolicycenter.org\/en\/"},{"@type":"ListItem","position":2,"name":"BRICS Policy Center researcher, Ana Garcia, gave an interview to the Observat\u00f3rio da Minera\u00e7\u00e3o"}]},{"@type":"WebSite","@id":"https:\/\/bricspolicycenter.org\/en\/#website","url":"https:\/\/bricspolicycenter.org\/en\/","name":"brq","description":"S\u00f3 mais um site WordPress","potentialAction":[{"@type":"SearchAction","target":{"@type":"EntryPoint","urlTemplate":"https:\/\/bricspolicycenter.org\/en\/?s={search_term_string}"},"query-input":{"@type":"PropertyValueSpecification","valueRequired":true,"valueName":"search_term_string"}}],"inLanguage":"en-US"},{"@type":"Person","@id":"https:\/\/bricspolicycenter.org\/en\/#\/schema\/person\/f34bc4c22f015ebcb023cebab0e0c9e4","name":"Adm BPC","image":{"@type":"ImageObject","inLanguage":"en-US","@id":"https:\/\/bricspolicycenter.org\/en\/#\/schema\/person\/image\/","url":"https:\/\/secure.gravatar.com\/avatar\/52c5584f583eb4ce2f4ed6fc37be38eb?s=96&d=mm&r=g","contentUrl":"https:\/\/secure.gravatar.com\/avatar\/52c5584f583eb4ce2f4ed6fc37be38eb?s=96&d=mm&r=g","caption":"Adm BPC"},"url":"https:\/\/bricspolicycenter.org\/en\/author\/admbpc\/"}]}},"_links":{"self":[{"href":"https:\/\/bricspolicycenter.org\/en\/wp-json\/wp\/v2\/posts\/21073","targetHints":{"allow":["GET"]}}],"collection":[{"href":"https:\/\/bricspolicycenter.org\/en\/wp-json\/wp\/v2\/posts"}],"about":[{"href":"https:\/\/bricspolicycenter.org\/en\/wp-json\/wp\/v2\/types\/post"}],"author":[{"embeddable":true,"href":"https:\/\/bricspolicycenter.org\/en\/wp-json\/wp\/v2\/users\/18"}],"replies":[{"embeddable":true,"href":"https:\/\/bricspolicycenter.org\/en\/wp-json\/wp\/v2\/comments?post=21073"}],"version-history":[{"count":2,"href":"https:\/\/bricspolicycenter.org\/en\/wp-json\/wp\/v2\/posts\/21073\/revisions"}],"predecessor-version":[{"id":21077,"href":"https:\/\/bricspolicycenter.org\/en\/wp-json\/wp\/v2\/posts\/21073\/revisions\/21077"}],"wp:featuredmedia":[{"embeddable":true,"href":"https:\/\/bricspolicycenter.org\/en\/wp-json\/wp\/v2\/media\/21074"}],"wp:attachment":[{"href":"https:\/\/bricspolicycenter.org\/en\/wp-json\/wp\/v2\/media?parent=21073"}],"wp:term":[{"taxonomy":"category","embeddable":true,"href":"https:\/\/bricspolicycenter.org\/en\/wp-json\/wp\/v2\/categories?post=21073"},{"taxonomy":"post_tag","embeddable":true,"href":"https:\/\/bricspolicycenter.org\/en\/wp-json\/wp\/v2\/tags?post=21073"}],"curies":[{"name":"wp","href":"https:\/\/api.w.org\/{rel}","templated":true}]}}