{"id":19897,"date":"2024-09-11T16:11:39","date_gmt":"2024-09-11T19:11:39","guid":{"rendered":"https:\/\/bricspolicycenter.org\/estao-abertas-as-inscricoes-para-o-minicurso-spatiality-cartographies-and-color-coding-in-international-practice\/"},"modified":"2024-09-11T16:24:13","modified_gmt":"2024-09-11T19:24:13","slug":"estao-abertas-as-inscricoes-para-o-minicurso-spatiality-cartographies-and-color-coding-in-international-practice-2","status":"publish","type":"post","link":"https:\/\/bricspolicycenter.org\/en\/estao-abertas-as-inscricoes-para-o-minicurso-spatiality-cartographies-and-color-coding-in-international-practice-2\/","title":{"rendered":"Est\u00e3o abertas as inscri\u00e7\u00f5es para o Minicurso Spatiality, cartographies and color-coding in international practice"},"content":{"rendered":"<p>Registration is now open for the mini-course Spatiality, cartographies and color-coding in international practice, led by Prof. Dr. Nicolas Lemay-H\u00e9bert (The Australian National University).<br \/>\nThe mini-course will take place on September 23, 25 and 26, from 4pm to 7pm, in the IRI1 classroom.<\/p>\n<p>This short course will explore the methodological contributions and implications of the spatial logics of international interventions and practices. The course brings together some of the recent theoretical-methodological contributions to thinking about space in international interventions and cartographic practices, including chromatology, prototyping and transversality. We will explore the recent use of technology and its ramifications for cartographic practices in Ukraine and elsewhere.<\/p>\n<p>Registration closes on Monday, September 16. External places are subject to confirmation.<br \/>\nRegister below:<\/p>\n<a href=\"https:\/\/docs.google.com\/forms\/d\/e\/1FAIpQLSfXDCCXhVcUHK5w82FBJyC5SCQXIvDt6DzP7lynzxmLtbJ9gQ\/viewform\" target=\"_blank\"  class=\"qbutton \" style=\"\">Internal Application <\/a>\n<a href=\"https:\/\/docs.google.com\/forms\/d\/e\/1FAIpQLSckfbJ0NukKjcWnT1nc2p3wkN60Wj6e6oOKPlpoMRAu7_UWdA\/viewform\" target=\"_blank\"  class=\"qbutton \" style=\"\">External Application<\/a>\n","protected":false},"excerpt":{"rendered":"<p>Registration is now open for the mini-course Spatiality, cartographies and color-coding in international practice, led by Prof. Dr. Nicolas Lemay-H\u00e9bert (The Australian National University). The mini-course will take place on&#8230;<\/p>\n","protected":false},"author":18,"featured_media":19894,"comment_status":"open","ping_status":"open","sticky":false,"template":"","format":"standard","meta":{"footnotes":""},"categories":[7],"tags":[],"class_list":["post-19897","post","type-post","status-publish","format-standard","has-post-thumbnail","hentry","category-uncategorized"],"yoast_head":"<!-- This site is optimized with the Yoast SEO plugin v24.6 - https:\/\/yoast.com\/wordpress\/plugins\/seo\/ -->\n<title>Est\u00e3o abertas as inscri\u00e7\u00f5es para o Minicurso Spatiality, cartographies and color-coding in international practice - brq<\/title>\n<meta name=\"robots\" content=\"index, follow, max-snippet:-1, max-image-preview:large, max-video-preview:-1\" \/>\n<link rel=\"canonical\" href=\"https:\/\/bricspolicycenter.org\/en\/estao-abertas-as-inscricoes-para-o-minicurso-spatiality-cartographies-and-color-coding-in-international-practice-2\/\" \/>\n<meta property=\"og:locale\" content=\"en_US\" \/>\n<meta property=\"og:type\" content=\"article\" \/>\n<meta property=\"og:title\" content=\"Est\u00e3o abertas as inscri\u00e7\u00f5es para o Minicurso Spatiality, cartographies and color-coding in international practice - brq\" \/>\n<meta property=\"og:description\" content=\"Registration is now open for the mini-course Spatiality, cartographies and color-coding in international practice, led by Prof. Dr. Nicolas Lemay-H\u00e9bert (The Australian National University). The mini-course will take place on...\" \/>\n<meta property=\"og:url\" content=\"https:\/\/bricspolicycenter.org\/en\/estao-abertas-as-inscricoes-para-o-minicurso-spatiality-cartographies-and-color-coding-in-international-practice-2\/\" \/>\n<meta property=\"og:site_name\" content=\"brq\" \/>\n<meta property=\"article:published_time\" content=\"2024-09-11T19:11:39+00:00\" \/>\n<meta property=\"article:modified_time\" content=\"2024-09-11T19:24:13+00:00\" \/>\n<meta property=\"og:image\" content=\"https:\/\/bricspolicycenter.org\/wp-content\/uploads\/2024\/09\/WhatsApp-Image-2024-09-11-at-15.52.48.jpeg\" \/>\n\t<meta property=\"og:image:width\" content=\"1080\" \/>\n\t<meta property=\"og:image:height\" content=\"1080\" \/>\n\t<meta property=\"og:image:type\" content=\"image\/jpeg\" \/>\n<meta name=\"author\" content=\"Adm BPC\" \/>\n<meta name=\"twitter:card\" content=\"summary_large_image\" \/>\n<meta name=\"twitter:label1\" content=\"Written by\" \/>\n\t<meta name=\"twitter:data1\" content=\"Adm BPC\" \/>\n\t<meta name=\"twitter:label2\" content=\"Est. reading time\" \/>\n\t<meta name=\"twitter:data2\" content=\"1 minute\" \/>\n<script type=\"application\/ld+json\" class=\"yoast-schema-graph\">{\"@context\":\"https:\/\/schema.org\",\"@graph\":[{\"@type\":\"WebPage\",\"@id\":\"https:\/\/bricspolicycenter.org\/en\/estao-abertas-as-inscricoes-para-o-minicurso-spatiality-cartographies-and-color-coding-in-international-practice-2\/\",\"url\":\"https:\/\/bricspolicycenter.org\/en\/estao-abertas-as-inscricoes-para-o-minicurso-spatiality-cartographies-and-color-coding-in-international-practice-2\/\",\"name\":\"Est\u00e3o abertas as inscri\u00e7\u00f5es para o Minicurso Spatiality, cartographies and color-coding in international practice - brq\",\"isPartOf\":{\"@id\":\"https:\/\/bricspolicycenter.org\/en\/#website\"},\"primaryImageOfPage\":{\"@id\":\"https:\/\/bricspolicycenter.org\/en\/estao-abertas-as-inscricoes-para-o-minicurso-spatiality-cartographies-and-color-coding-in-international-practice-2\/#primaryimage\"},\"image\":{\"@id\":\"https:\/\/bricspolicycenter.org\/en\/estao-abertas-as-inscricoes-para-o-minicurso-spatiality-cartographies-and-color-coding-in-international-practice-2\/#primaryimage\"},\"thumbnailUrl\":\"https:\/\/bricspolicycenter.org\/wp-content\/uploads\/2024\/09\/WhatsApp-Image-2024-09-11-at-15.52.48.jpeg\",\"datePublished\":\"2024-09-11T19:11:39+00:00\",\"dateModified\":\"2024-09-11T19:24:13+00:00\",\"author\":{\"@id\":\"https:\/\/bricspolicycenter.org\/en\/#\/schema\/person\/f34bc4c22f015ebcb023cebab0e0c9e4\"},\"breadcrumb\":{\"@id\":\"https:\/\/bricspolicycenter.org\/en\/estao-abertas-as-inscricoes-para-o-minicurso-spatiality-cartographies-and-color-coding-in-international-practice-2\/#breadcrumb\"},\"inLanguage\":\"en-US\",\"potentialAction\":[{\"@type\":\"ReadAction\",\"target\":[\"https:\/\/bricspolicycenter.org\/en\/estao-abertas-as-inscricoes-para-o-minicurso-spatiality-cartographies-and-color-coding-in-international-practice-2\/\"]}]},{\"@type\":\"ImageObject\",\"inLanguage\":\"en-US\",\"@id\":\"https:\/\/bricspolicycenter.org\/en\/estao-abertas-as-inscricoes-para-o-minicurso-spatiality-cartographies-and-color-coding-in-international-practice-2\/#primaryimage\",\"url\":\"https:\/\/bricspolicycenter.org\/wp-content\/uploads\/2024\/09\/WhatsApp-Image-2024-09-11-at-15.52.48.jpeg\",\"contentUrl\":\"https:\/\/bricspolicycenter.org\/wp-content\/uploads\/2024\/09\/WhatsApp-Image-2024-09-11-at-15.52.48.jpeg\",\"width\":1080,\"height\":1080},{\"@type\":\"BreadcrumbList\",\"@id\":\"https:\/\/bricspolicycenter.org\/en\/estao-abertas-as-inscricoes-para-o-minicurso-spatiality-cartographies-and-color-coding-in-international-practice-2\/#breadcrumb\",\"itemListElement\":[{\"@type\":\"ListItem\",\"position\":1,\"name\":\"In\u00edcio\",\"item\":\"https:\/\/bricspolicycenter.org\/en\/\"},{\"@type\":\"ListItem\",\"position\":2,\"name\":\"Est\u00e3o abertas as inscri\u00e7\u00f5es para o Minicurso Spatiality, cartographies and color-coding in international practice\"}]},{\"@type\":\"WebSite\",\"@id\":\"https:\/\/bricspolicycenter.org\/en\/#website\",\"url\":\"https:\/\/bricspolicycenter.org\/en\/\",\"name\":\"brq\",\"description\":\"S\u00f3 mais um site WordPress\",\"potentialAction\":[{\"@type\":\"SearchAction\",\"target\":{\"@type\":\"EntryPoint\",\"urlTemplate\":\"https:\/\/bricspolicycenter.org\/en\/?s={search_term_string}\"},\"query-input\":{\"@type\":\"PropertyValueSpecification\",\"valueRequired\":true,\"valueName\":\"search_term_string\"}}],\"inLanguage\":\"en-US\"},{\"@type\":\"Person\",\"@id\":\"https:\/\/bricspolicycenter.org\/en\/#\/schema\/person\/f34bc4c22f015ebcb023cebab0e0c9e4\",\"name\":\"Adm BPC\",\"image\":{\"@type\":\"ImageObject\",\"inLanguage\":\"en-US\",\"@id\":\"https:\/\/bricspolicycenter.org\/en\/#\/schema\/person\/image\/\",\"url\":\"https:\/\/secure.gravatar.com\/avatar\/52c5584f583eb4ce2f4ed6fc37be38eb?s=96&d=mm&r=g\",\"contentUrl\":\"https:\/\/secure.gravatar.com\/avatar\/52c5584f583eb4ce2f4ed6fc37be38eb?s=96&d=mm&r=g\",\"caption\":\"Adm BPC\"},\"url\":\"https:\/\/bricspolicycenter.org\/en\/author\/admbpc\/\"}]}<\/script>\n<!-- \/ Yoast SEO plugin. -->","yoast_head_json":{"title":"Est\u00e3o abertas as inscri\u00e7\u00f5es para o Minicurso Spatiality, cartographies and color-coding in international practice - brq","robots":{"index":"index","follow":"follow","max-snippet":"max-snippet:-1","max-image-preview":"max-image-preview:large","max-video-preview":"max-video-preview:-1"},"canonical":"https:\/\/bricspolicycenter.org\/en\/estao-abertas-as-inscricoes-para-o-minicurso-spatiality-cartographies-and-color-coding-in-international-practice-2\/","og_locale":"en_US","og_type":"article","og_title":"Est\u00e3o abertas as inscri\u00e7\u00f5es para o Minicurso Spatiality, cartographies and color-coding in international practice - brq","og_description":"Registration is now open for the mini-course Spatiality, cartographies and color-coding in international practice, led by Prof. Dr. Nicolas Lemay-H\u00e9bert (The Australian National University). The mini-course will take place on...","og_url":"https:\/\/bricspolicycenter.org\/en\/estao-abertas-as-inscricoes-para-o-minicurso-spatiality-cartographies-and-color-coding-in-international-practice-2\/","og_site_name":"brq","article_published_time":"2024-09-11T19:11:39+00:00","article_modified_time":"2024-09-11T19:24:13+00:00","og_image":[{"width":1080,"height":1080,"url":"https:\/\/bricspolicycenter.org\/wp-content\/uploads\/2024\/09\/WhatsApp-Image-2024-09-11-at-15.52.48.jpeg","type":"image\/jpeg"}],"author":"Adm BPC","twitter_card":"summary_large_image","twitter_misc":{"Written by":"Adm BPC","Est. reading time":"1 minute"},"schema":{"@context":"https:\/\/schema.org","@graph":[{"@type":"WebPage","@id":"https:\/\/bricspolicycenter.org\/en\/estao-abertas-as-inscricoes-para-o-minicurso-spatiality-cartographies-and-color-coding-in-international-practice-2\/","url":"https:\/\/bricspolicycenter.org\/en\/estao-abertas-as-inscricoes-para-o-minicurso-spatiality-cartographies-and-color-coding-in-international-practice-2\/","name":"Est\u00e3o abertas as inscri\u00e7\u00f5es para o Minicurso Spatiality, cartographies and color-coding in international practice - brq","isPartOf":{"@id":"https:\/\/bricspolicycenter.org\/en\/#website"},"primaryImageOfPage":{"@id":"https:\/\/bricspolicycenter.org\/en\/estao-abertas-as-inscricoes-para-o-minicurso-spatiality-cartographies-and-color-coding-in-international-practice-2\/#primaryimage"},"image":{"@id":"https:\/\/bricspolicycenter.org\/en\/estao-abertas-as-inscricoes-para-o-minicurso-spatiality-cartographies-and-color-coding-in-international-practice-2\/#primaryimage"},"thumbnailUrl":"https:\/\/bricspolicycenter.org\/wp-content\/uploads\/2024\/09\/WhatsApp-Image-2024-09-11-at-15.52.48.jpeg","datePublished":"2024-09-11T19:11:39+00:00","dateModified":"2024-09-11T19:24:13+00:00","author":{"@id":"https:\/\/bricspolicycenter.org\/en\/#\/schema\/person\/f34bc4c22f015ebcb023cebab0e0c9e4"},"breadcrumb":{"@id":"https:\/\/bricspolicycenter.org\/en\/estao-abertas-as-inscricoes-para-o-minicurso-spatiality-cartographies-and-color-coding-in-international-practice-2\/#breadcrumb"},"inLanguage":"en-US","potentialAction":[{"@type":"ReadAction","target":["https:\/\/bricspolicycenter.org\/en\/estao-abertas-as-inscricoes-para-o-minicurso-spatiality-cartographies-and-color-coding-in-international-practice-2\/"]}]},{"@type":"ImageObject","inLanguage":"en-US","@id":"https:\/\/bricspolicycenter.org\/en\/estao-abertas-as-inscricoes-para-o-minicurso-spatiality-cartographies-and-color-coding-in-international-practice-2\/#primaryimage","url":"https:\/\/bricspolicycenter.org\/wp-content\/uploads\/2024\/09\/WhatsApp-Image-2024-09-11-at-15.52.48.jpeg","contentUrl":"https:\/\/bricspolicycenter.org\/wp-content\/uploads\/2024\/09\/WhatsApp-Image-2024-09-11-at-15.52.48.jpeg","width":1080,"height":1080},{"@type":"BreadcrumbList","@id":"https:\/\/bricspolicycenter.org\/en\/estao-abertas-as-inscricoes-para-o-minicurso-spatiality-cartographies-and-color-coding-in-international-practice-2\/#breadcrumb","itemListElement":[{"@type":"ListItem","position":1,"name":"In\u00edcio","item":"https:\/\/bricspolicycenter.org\/en\/"},{"@type":"ListItem","position":2,"name":"Est\u00e3o abertas as inscri\u00e7\u00f5es para o Minicurso Spatiality, cartographies and color-coding in international practice"}]},{"@type":"WebSite","@id":"https:\/\/bricspolicycenter.org\/en\/#website","url":"https:\/\/bricspolicycenter.org\/en\/","name":"brq","description":"S\u00f3 mais um site WordPress","potentialAction":[{"@type":"SearchAction","target":{"@type":"EntryPoint","urlTemplate":"https:\/\/bricspolicycenter.org\/en\/?s={search_term_string}"},"query-input":{"@type":"PropertyValueSpecification","valueRequired":true,"valueName":"search_term_string"}}],"inLanguage":"en-US"},{"@type":"Person","@id":"https:\/\/bricspolicycenter.org\/en\/#\/schema\/person\/f34bc4c22f015ebcb023cebab0e0c9e4","name":"Adm BPC","image":{"@type":"ImageObject","inLanguage":"en-US","@id":"https:\/\/bricspolicycenter.org\/en\/#\/schema\/person\/image\/","url":"https:\/\/secure.gravatar.com\/avatar\/52c5584f583eb4ce2f4ed6fc37be38eb?s=96&d=mm&r=g","contentUrl":"https:\/\/secure.gravatar.com\/avatar\/52c5584f583eb4ce2f4ed6fc37be38eb?s=96&d=mm&r=g","caption":"Adm BPC"},"url":"https:\/\/bricspolicycenter.org\/en\/author\/admbpc\/"}]}},"_links":{"self":[{"href":"https:\/\/bricspolicycenter.org\/en\/wp-json\/wp\/v2\/posts\/19897","targetHints":{"allow":["GET"]}}],"collection":[{"href":"https:\/\/bricspolicycenter.org\/en\/wp-json\/wp\/v2\/posts"}],"about":[{"href":"https:\/\/bricspolicycenter.org\/en\/wp-json\/wp\/v2\/types\/post"}],"author":[{"embeddable":true,"href":"https:\/\/bricspolicycenter.org\/en\/wp-json\/wp\/v2\/users\/18"}],"replies":[{"embeddable":true,"href":"https:\/\/bricspolicycenter.org\/en\/wp-json\/wp\/v2\/comments?post=19897"}],"version-history":[{"count":2,"href":"https:\/\/bricspolicycenter.org\/en\/wp-json\/wp\/v2\/posts\/19897\/revisions"}],"predecessor-version":[{"id":19903,"href":"https:\/\/bricspolicycenter.org\/en\/wp-json\/wp\/v2\/posts\/19897\/revisions\/19903"}],"wp:featuredmedia":[{"embeddable":true,"href":"https:\/\/bricspolicycenter.org\/en\/wp-json\/wp\/v2\/media\/19894"}],"wp:attachment":[{"href":"https:\/\/bricspolicycenter.org\/en\/wp-json\/wp\/v2\/media?parent=19897"}],"wp:term":[{"taxonomy":"category","embeddable":true,"href":"https:\/\/bricspolicycenter.org\/en\/wp-json\/wp\/v2\/categories?post=19897"},{"taxonomy":"post_tag","embeddable":true,"href":"https:\/\/bricspolicycenter.org\/en\/wp-json\/wp\/v2\/tags?post=19897"}],"curies":[{"name":"wp","href":"https:\/\/api.w.org\/{rel}","templated":true}]}}