{"id":19344,"date":"2024-08-05T11:54:49","date_gmt":"2024-08-05T14:54:49","guid":{"rendered":"https:\/\/bricspolicycenter.org\/?p=19344"},"modified":"2024-08-05T11:54:49","modified_gmt":"2024-08-05T14:54:49","slug":"webinar-schedule-sustainable-infrastructures-in-environmentally-sensitive-regions","status":"publish","type":"post","link":"https:\/\/bricspolicycenter.org\/en\/webinar-schedule-sustainable-infrastructures-in-environmentally-sensitive-regions\/","title":{"rendered":"Webinar Schedule Sustainable Infrastructures in Environmentally Sensitive Regions"},"content":{"rendered":"<div class=\"wpb-content-wrapper\"><p>[vc_row css_animation=&#8221;&#8221; row_type=&#8221;row&#8221; use_row_as_full_screen_section=&#8221;no&#8221; type=&#8221;full_width&#8221; text_align=&#8221;left&#8221;][vc_column][vc_column_text]This Wednesday, August 7, the webinar &#8220;Sustainable Infrastructures in Environmentally Sensitive Regions&#8221; will be held, a crucial debate within the framework of the G20. Check out the full program above.<\/p>\n<p>The event brings together leading experts and institutions to discuss innovative and inclusive solutions in Panamazonia, with a focus on environmental sustainability and climate resilience.<\/p>\n<p>Join the webinar to explore how we can protect ecosystems, improve the quality of life in local communities and promote sustainable economic alternatives.<\/p>\n<p>Participants will include the BRICS Policy Center\/Institute of International Relations &#8211; PUC-Rio, GT Infraestrutura e Justi\u00e7a Socioambiental, Derecho, Ambiente y Recursos Naturales (DAR-Peru) and C\u00e1tedra Josu\u00e9 de Castro\/IEE\/USP, in partnership with T20\/G20.<\/p>\n<p>\ud83d\udde3 There will be simultaneous translation into English, Portuguese and Spanish<br \/>\n\ud83d\udcc5 Wednesday, August 7, 2024, 9:30 am &#8211; 12:30 pm (Brasilia time, GMT-3)[\/vc_column_text][\/vc_column][\/vc_row][vc_row css_animation=&#8221;&#8221; row_type=&#8221;row&#8221; use_row_as_full_screen_section=&#8221;no&#8221; type=&#8221;full_width&#8221; text_align=&#8221;left&#8221;][vc_column][vc_empty_space][\/vc_column][\/vc_row][vc_row css_animation=&#8221;&#8221; row_type=&#8221;row&#8221; use_row_as_full_screen_section=&#8221;no&#8221; type=&#8221;full_width&#8221; text_align=&#8221;left&#8221;][vc_column]<a href=\"https:\/\/bit.ly\/3WigA0l\" target=\"_self\"  class=\"qbutton \" style=\"\">Register<\/a>[\/vc_column][\/vc_row]<\/p>\n<\/div>","protected":false},"excerpt":{"rendered":"<p>[vc_row css_animation=&#8221;&#8221; row_type=&#8221;row&#8221; use_row_as_full_screen_section=&#8221;no&#8221; type=&#8221;full_width&#8221; text_align=&#8221;left&#8221;][vc_column][vc_column_text]This Wednesday, August 7, the webinar &#8220;Sustainable Infrastructures in Environmentally Sensitive Regions&#8221; will be held, a crucial debate within the framework of the G20. Check&#8230;<\/p>\n","protected":false},"author":18,"featured_media":19340,"comment_status":"open","ping_status":"open","sticky":false,"template":"","format":"standard","meta":{"footnotes":""},"categories":[218],"tags":[],"class_list":["post-19344","post","type-post","status-publish","format-standard","has-post-thumbnail","hentry","category-news"],"yoast_head":"<!-- This site is optimized with the Yoast SEO plugin v24.6 - https:\/\/yoast.com\/wordpress\/plugins\/seo\/ -->\n<title>Webinar Schedule Sustainable Infrastructures in Environmentally Sensitive Regions - brq<\/title>\n<meta name=\"robots\" content=\"index, follow, max-snippet:-1, max-image-preview:large, max-video-preview:-1\" \/>\n<link rel=\"canonical\" href=\"https:\/\/bricspolicycenter.org\/en\/webinar-schedule-sustainable-infrastructures-in-environmentally-sensitive-regions\/\" \/>\n<meta property=\"og:locale\" content=\"en_US\" \/>\n<meta property=\"og:type\" content=\"article\" \/>\n<meta property=\"og:title\" content=\"Webinar Schedule Sustainable Infrastructures in Environmentally Sensitive Regions - brq\" \/>\n<meta property=\"og:description\" content=\"[vc_row css_animation=&#8221;&#8221; row_type=&#8221;row&#8221; use_row_as_full_screen_section=&#8221;no&#8221; type=&#8221;full_width&#8221; text_align=&#8221;left&#8221;][vc_column][vc_column_text]This Wednesday, August 7, the webinar &#8220;Sustainable Infrastructures in Environmentally Sensitive Regions&#8221; will be held, a crucial debate within the framework of the G20. Check...\" \/>\n<meta property=\"og:url\" content=\"https:\/\/bricspolicycenter.org\/en\/webinar-schedule-sustainable-infrastructures-in-environmentally-sensitive-regions\/\" \/>\n<meta property=\"og:site_name\" content=\"brq\" \/>\n<meta property=\"article:published_time\" content=\"2024-08-05T14:54:49+00:00\" \/>\n<meta property=\"og:image\" content=\"https:\/\/bricspolicycenter.org\/wp-content\/uploads\/2024\/08\/WhatsApp-Image-2024-08-05-at-11.41.40.jpeg\" \/>\n\t<meta property=\"og:image:width\" content=\"1280\" \/>\n\t<meta property=\"og:image:height\" content=\"640\" \/>\n\t<meta property=\"og:image:type\" content=\"image\/jpeg\" \/>\n<meta name=\"author\" content=\"Adm BPC\" \/>\n<meta name=\"twitter:card\" content=\"summary_large_image\" \/>\n<meta name=\"twitter:label1\" content=\"Written by\" \/>\n\t<meta name=\"twitter:data1\" content=\"Adm BPC\" \/>\n\t<meta name=\"twitter:label2\" content=\"Est. reading time\" \/>\n\t<meta name=\"twitter:data2\" content=\"2 minutes\" \/>\n<script type=\"application\/ld+json\" class=\"yoast-schema-graph\">{\"@context\":\"https:\/\/schema.org\",\"@graph\":[{\"@type\":\"WebPage\",\"@id\":\"https:\/\/bricspolicycenter.org\/en\/webinar-schedule-sustainable-infrastructures-in-environmentally-sensitive-regions\/\",\"url\":\"https:\/\/bricspolicycenter.org\/en\/webinar-schedule-sustainable-infrastructures-in-environmentally-sensitive-regions\/\",\"name\":\"Webinar Schedule Sustainable Infrastructures in Environmentally Sensitive Regions - brq\",\"isPartOf\":{\"@id\":\"https:\/\/bricspolicycenter.org\/en\/#website\"},\"primaryImageOfPage\":{\"@id\":\"https:\/\/bricspolicycenter.org\/en\/webinar-schedule-sustainable-infrastructures-in-environmentally-sensitive-regions\/#primaryimage\"},\"image\":{\"@id\":\"https:\/\/bricspolicycenter.org\/en\/webinar-schedule-sustainable-infrastructures-in-environmentally-sensitive-regions\/#primaryimage\"},\"thumbnailUrl\":\"https:\/\/bricspolicycenter.org\/wp-content\/uploads\/2024\/08\/WhatsApp-Image-2024-08-05-at-11.41.40.jpeg\",\"datePublished\":\"2024-08-05T14:54:49+00:00\",\"author\":{\"@id\":\"https:\/\/bricspolicycenter.org\/en\/#\/schema\/person\/f34bc4c22f015ebcb023cebab0e0c9e4\"},\"breadcrumb\":{\"@id\":\"https:\/\/bricspolicycenter.org\/en\/webinar-schedule-sustainable-infrastructures-in-environmentally-sensitive-regions\/#breadcrumb\"},\"inLanguage\":\"en-US\",\"potentialAction\":[{\"@type\":\"ReadAction\",\"target\":[\"https:\/\/bricspolicycenter.org\/en\/webinar-schedule-sustainable-infrastructures-in-environmentally-sensitive-regions\/\"]}]},{\"@type\":\"ImageObject\",\"inLanguage\":\"en-US\",\"@id\":\"https:\/\/bricspolicycenter.org\/en\/webinar-schedule-sustainable-infrastructures-in-environmentally-sensitive-regions\/#primaryimage\",\"url\":\"https:\/\/bricspolicycenter.org\/wp-content\/uploads\/2024\/08\/WhatsApp-Image-2024-08-05-at-11.41.40.jpeg\",\"contentUrl\":\"https:\/\/bricspolicycenter.org\/wp-content\/uploads\/2024\/08\/WhatsApp-Image-2024-08-05-at-11.41.40.jpeg\",\"width\":1280,\"height\":640},{\"@type\":\"BreadcrumbList\",\"@id\":\"https:\/\/bricspolicycenter.org\/en\/webinar-schedule-sustainable-infrastructures-in-environmentally-sensitive-regions\/#breadcrumb\",\"itemListElement\":[{\"@type\":\"ListItem\",\"position\":1,\"name\":\"In\u00edcio\",\"item\":\"https:\/\/bricspolicycenter.org\/en\/\"},{\"@type\":\"ListItem\",\"position\":2,\"name\":\"Webinar Schedule Sustainable Infrastructures in Environmentally Sensitive Regions\"}]},{\"@type\":\"WebSite\",\"@id\":\"https:\/\/bricspolicycenter.org\/en\/#website\",\"url\":\"https:\/\/bricspolicycenter.org\/en\/\",\"name\":\"brq\",\"description\":\"S\u00f3 mais um site WordPress\",\"potentialAction\":[{\"@type\":\"SearchAction\",\"target\":{\"@type\":\"EntryPoint\",\"urlTemplate\":\"https:\/\/bricspolicycenter.org\/en\/?s={search_term_string}\"},\"query-input\":{\"@type\":\"PropertyValueSpecification\",\"valueRequired\":true,\"valueName\":\"search_term_string\"}}],\"inLanguage\":\"en-US\"},{\"@type\":\"Person\",\"@id\":\"https:\/\/bricspolicycenter.org\/en\/#\/schema\/person\/f34bc4c22f015ebcb023cebab0e0c9e4\",\"name\":\"Adm BPC\",\"image\":{\"@type\":\"ImageObject\",\"inLanguage\":\"en-US\",\"@id\":\"https:\/\/bricspolicycenter.org\/en\/#\/schema\/person\/image\/\",\"url\":\"https:\/\/secure.gravatar.com\/avatar\/52c5584f583eb4ce2f4ed6fc37be38eb?s=96&d=mm&r=g\",\"contentUrl\":\"https:\/\/secure.gravatar.com\/avatar\/52c5584f583eb4ce2f4ed6fc37be38eb?s=96&d=mm&r=g\",\"caption\":\"Adm BPC\"},\"url\":\"https:\/\/bricspolicycenter.org\/en\/author\/admbpc\/\"}]}<\/script>\n<!-- \/ Yoast SEO plugin. -->","yoast_head_json":{"title":"Webinar Schedule Sustainable Infrastructures in Environmentally Sensitive Regions - brq","robots":{"index":"index","follow":"follow","max-snippet":"max-snippet:-1","max-image-preview":"max-image-preview:large","max-video-preview":"max-video-preview:-1"},"canonical":"https:\/\/bricspolicycenter.org\/en\/webinar-schedule-sustainable-infrastructures-in-environmentally-sensitive-regions\/","og_locale":"en_US","og_type":"article","og_title":"Webinar Schedule Sustainable Infrastructures in Environmentally Sensitive Regions - brq","og_description":"[vc_row css_animation=&#8221;&#8221; row_type=&#8221;row&#8221; use_row_as_full_screen_section=&#8221;no&#8221; type=&#8221;full_width&#8221; text_align=&#8221;left&#8221;][vc_column][vc_column_text]This Wednesday, August 7, the webinar &#8220;Sustainable Infrastructures in Environmentally Sensitive Regions&#8221; will be held, a crucial debate within the framework of the G20. Check...","og_url":"https:\/\/bricspolicycenter.org\/en\/webinar-schedule-sustainable-infrastructures-in-environmentally-sensitive-regions\/","og_site_name":"brq","article_published_time":"2024-08-05T14:54:49+00:00","og_image":[{"width":1280,"height":640,"url":"https:\/\/bricspolicycenter.org\/wp-content\/uploads\/2024\/08\/WhatsApp-Image-2024-08-05-at-11.41.40.jpeg","type":"image\/jpeg"}],"author":"Adm BPC","twitter_card":"summary_large_image","twitter_misc":{"Written by":"Adm BPC","Est. reading time":"2 minutes"},"schema":{"@context":"https:\/\/schema.org","@graph":[{"@type":"WebPage","@id":"https:\/\/bricspolicycenter.org\/en\/webinar-schedule-sustainable-infrastructures-in-environmentally-sensitive-regions\/","url":"https:\/\/bricspolicycenter.org\/en\/webinar-schedule-sustainable-infrastructures-in-environmentally-sensitive-regions\/","name":"Webinar Schedule Sustainable Infrastructures in Environmentally Sensitive Regions - brq","isPartOf":{"@id":"https:\/\/bricspolicycenter.org\/en\/#website"},"primaryImageOfPage":{"@id":"https:\/\/bricspolicycenter.org\/en\/webinar-schedule-sustainable-infrastructures-in-environmentally-sensitive-regions\/#primaryimage"},"image":{"@id":"https:\/\/bricspolicycenter.org\/en\/webinar-schedule-sustainable-infrastructures-in-environmentally-sensitive-regions\/#primaryimage"},"thumbnailUrl":"https:\/\/bricspolicycenter.org\/wp-content\/uploads\/2024\/08\/WhatsApp-Image-2024-08-05-at-11.41.40.jpeg","datePublished":"2024-08-05T14:54:49+00:00","author":{"@id":"https:\/\/bricspolicycenter.org\/en\/#\/schema\/person\/f34bc4c22f015ebcb023cebab0e0c9e4"},"breadcrumb":{"@id":"https:\/\/bricspolicycenter.org\/en\/webinar-schedule-sustainable-infrastructures-in-environmentally-sensitive-regions\/#breadcrumb"},"inLanguage":"en-US","potentialAction":[{"@type":"ReadAction","target":["https:\/\/bricspolicycenter.org\/en\/webinar-schedule-sustainable-infrastructures-in-environmentally-sensitive-regions\/"]}]},{"@type":"ImageObject","inLanguage":"en-US","@id":"https:\/\/bricspolicycenter.org\/en\/webinar-schedule-sustainable-infrastructures-in-environmentally-sensitive-regions\/#primaryimage","url":"https:\/\/bricspolicycenter.org\/wp-content\/uploads\/2024\/08\/WhatsApp-Image-2024-08-05-at-11.41.40.jpeg","contentUrl":"https:\/\/bricspolicycenter.org\/wp-content\/uploads\/2024\/08\/WhatsApp-Image-2024-08-05-at-11.41.40.jpeg","width":1280,"height":640},{"@type":"BreadcrumbList","@id":"https:\/\/bricspolicycenter.org\/en\/webinar-schedule-sustainable-infrastructures-in-environmentally-sensitive-regions\/#breadcrumb","itemListElement":[{"@type":"ListItem","position":1,"name":"In\u00edcio","item":"https:\/\/bricspolicycenter.org\/en\/"},{"@type":"ListItem","position":2,"name":"Webinar Schedule Sustainable Infrastructures in Environmentally Sensitive Regions"}]},{"@type":"WebSite","@id":"https:\/\/bricspolicycenter.org\/en\/#website","url":"https:\/\/bricspolicycenter.org\/en\/","name":"brq","description":"S\u00f3 mais um site WordPress","potentialAction":[{"@type":"SearchAction","target":{"@type":"EntryPoint","urlTemplate":"https:\/\/bricspolicycenter.org\/en\/?s={search_term_string}"},"query-input":{"@type":"PropertyValueSpecification","valueRequired":true,"valueName":"search_term_string"}}],"inLanguage":"en-US"},{"@type":"Person","@id":"https:\/\/bricspolicycenter.org\/en\/#\/schema\/person\/f34bc4c22f015ebcb023cebab0e0c9e4","name":"Adm BPC","image":{"@type":"ImageObject","inLanguage":"en-US","@id":"https:\/\/bricspolicycenter.org\/en\/#\/schema\/person\/image\/","url":"https:\/\/secure.gravatar.com\/avatar\/52c5584f583eb4ce2f4ed6fc37be38eb?s=96&d=mm&r=g","contentUrl":"https:\/\/secure.gravatar.com\/avatar\/52c5584f583eb4ce2f4ed6fc37be38eb?s=96&d=mm&r=g","caption":"Adm BPC"},"url":"https:\/\/bricspolicycenter.org\/en\/author\/admbpc\/"}]}},"_links":{"self":[{"href":"https:\/\/bricspolicycenter.org\/en\/wp-json\/wp\/v2\/posts\/19344","targetHints":{"allow":["GET"]}}],"collection":[{"href":"https:\/\/bricspolicycenter.org\/en\/wp-json\/wp\/v2\/posts"}],"about":[{"href":"https:\/\/bricspolicycenter.org\/en\/wp-json\/wp\/v2\/types\/post"}],"author":[{"embeddable":true,"href":"https:\/\/bricspolicycenter.org\/en\/wp-json\/wp\/v2\/users\/18"}],"replies":[{"embeddable":true,"href":"https:\/\/bricspolicycenter.org\/en\/wp-json\/wp\/v2\/comments?post=19344"}],"version-history":[{"count":1,"href":"https:\/\/bricspolicycenter.org\/en\/wp-json\/wp\/v2\/posts\/19344\/revisions"}],"predecessor-version":[{"id":19345,"href":"https:\/\/bricspolicycenter.org\/en\/wp-json\/wp\/v2\/posts\/19344\/revisions\/19345"}],"wp:featuredmedia":[{"embeddable":true,"href":"https:\/\/bricspolicycenter.org\/en\/wp-json\/wp\/v2\/media\/19340"}],"wp:attachment":[{"href":"https:\/\/bricspolicycenter.org\/en\/wp-json\/wp\/v2\/media?parent=19344"}],"wp:term":[{"taxonomy":"category","embeddable":true,"href":"https:\/\/bricspolicycenter.org\/en\/wp-json\/wp\/v2\/categories?post=19344"},{"taxonomy":"post_tag","embeddable":true,"href":"https:\/\/bricspolicycenter.org\/en\/wp-json\/wp\/v2\/tags?post=19344"}],"curies":[{"name":"wp","href":"https:\/\/api.w.org\/{rel}","templated":true}]}}