{"id":19019,"date":"2024-06-27T09:49:54","date_gmt":"2024-06-27T12:49:54","guid":{"rendered":"https:\/\/bricspolicycenter.org\/launch-of-the-joint-declaration-of-the-convergence-dialogue\/"},"modified":"2024-06-27T09:50:05","modified_gmt":"2024-06-27T12:50:05","slug":"launch-of-the-joint-declaration-of-the-convergence-dialogue","status":"publish","type":"post","link":"https:\/\/bricspolicycenter.org\/en\/launch-of-the-joint-declaration-of-the-convergence-dialogue\/","title":{"rendered":"Launch of the Joint Declaration of the Convergence Dialogue"},"content":{"rendered":"<div class=\"wpb-content-wrapper\"><p>The &#8220;Joint Declaration of the Convergence Dialogue&#8221; will be launched next Wednesday, July 3, in Rio de Janeiro. The document brings together recommendations for G20 leaders on the economic, environmental and digital areas, and is a collaboration of the TF2, TF3 and TF5 task forces and the WG1, WG3 and WG7 working groups of the T20 and C20, respectively.<\/p>\n<p>On the economic agenda, the BRICS Policy Center and the Institute of World Economics and Politics are participating for the T20, and Gestos, Latindadd and the Institute of Economic Justice for the C20. In the environmental and climate agenda, the Cip\u00f3 Platform and IDDRI are participating for the T20, and the Climate Observatory, Engajamundo and the Climate Justice Network for the C20. Finally, on the digital agenda, Data Privacy and ORF are participating for the T20, and Idec, Lapin and Amrita Technology Business Incubator for the C20.<\/p>\n<p>The BRICS Policy Center invites researchers, journalists and other interested parties to the event, which is open to the public upon registration. It will be attended by leaders from the General Secretariat of the Presidency, T20 and C20, as well as civil society organizations, research centers and think tanks. The meeting will take place as a parallel event to the T20 Mid-Term Conference, which will be held on July 1, 2 and 3, also in Rio de Janeiro.<\/p>\n<p>Servi\u00e7o:<br \/>\nData: <strong>03 de julho de 2024, quarta-feira<\/strong><br \/>\nHor\u00e1rio: <strong>Das 17 \u00e0s 19hs<\/strong><br \/>\nLocal: <strong>A\u00e7\u00e3o Cidadania<\/strong> &#8211; Rua da Gamboa 246, Santo Cristo, Rio de Janeiro.[\/vc_column_text][\/vc_column][\/vc_row][vc_row css_animation=&#8221;&#8221; row_type=&#8221;row&#8221; use_row_as_full_screen_section=&#8221;no&#8221; type=&#8221;full_width&#8221; text_align=&#8221;left&#8221;][vc_column][vc_empty_space][\/vc_column][\/vc_row][vc_row css_animation=&#8221;&#8221; row_type=&#8221;row&#8221; use_row_as_full_screen_section=&#8221;no&#8221; type=&#8221;full_width&#8221; text_align=&#8221;left&#8221;][vc_column]<a href=\"https:\/\/docs.google.com\/forms\/d\/1obtj7dDF-aZA3t9PeYeOg-kuOHF1eSaVtxestdaVt4E\/viewform?edit_requested=true\" target=\"_blank\"  class=\"qbutton \" style=\"\">Fa\u00e7a sua inscri\u00e7\u00e3o<\/a>[\/vc_column][\/vc_row]<\/p>\n<\/div>","protected":false},"excerpt":{"rendered":"<p>The &#8220;Joint Declaration of the Convergence Dialogue&#8221; will be launched next Wednesday, July 3, in Rio de Janeiro. The document brings together recommendations for G20 leaders on the economic, environmental&#8230;<\/p>\n","protected":false},"author":18,"featured_media":18994,"comment_status":"open","ping_status":"open","sticky":false,"template":"","format":"standard","meta":{"footnotes":""},"categories":[809,218],"tags":[],"class_list":["post-19019","post","type-post","status-publish","format-standard","has-post-thumbnail","hentry","category-g20-events-en-new","category-news"],"yoast_head":"<!-- This site is optimized with the Yoast SEO plugin v24.6 - https:\/\/yoast.com\/wordpress\/plugins\/seo\/ -->\n<title>Launch of the Joint Declaration of the Convergence Dialogue - brq<\/title>\n<meta name=\"robots\" content=\"index, follow, max-snippet:-1, max-image-preview:large, max-video-preview:-1\" \/>\n<link rel=\"canonical\" href=\"https:\/\/bricspolicycenter.org\/en\/launch-of-the-joint-declaration-of-the-convergence-dialogue\/\" \/>\n<meta property=\"og:locale\" content=\"en_US\" \/>\n<meta property=\"og:type\" content=\"article\" \/>\n<meta property=\"og:title\" content=\"Launch of the Joint Declaration of the Convergence Dialogue - brq\" \/>\n<meta property=\"og:description\" content=\"The &#8220;Joint Declaration of the Convergence Dialogue&#8221; will be launched next Wednesday, July 3, in Rio de Janeiro. The document brings together recommendations for G20 leaders on the economic, environmental...\" \/>\n<meta property=\"og:url\" content=\"https:\/\/bricspolicycenter.org\/en\/launch-of-the-joint-declaration-of-the-convergence-dialogue\/\" \/>\n<meta property=\"og:site_name\" content=\"brq\" \/>\n<meta property=\"article:published_time\" content=\"2024-06-27T12:49:54+00:00\" \/>\n<meta property=\"article:modified_time\" content=\"2024-06-27T12:50:05+00:00\" \/>\n<meta property=\"og:image\" content=\"https:\/\/bricspolicycenter.org\/wp-content\/uploads\/2024\/06\/Imagem-do-WhatsApp-de-2024-06-26-as-10.08.28_9126b2c0.jpg\" \/>\n\t<meta property=\"og:image:width\" content=\"1080\" \/>\n\t<meta property=\"og:image:height\" content=\"1080\" \/>\n\t<meta property=\"og:image:type\" content=\"image\/jpeg\" \/>\n<meta name=\"author\" content=\"Adm BPC\" \/>\n<meta name=\"twitter:card\" content=\"summary_large_image\" \/>\n<meta name=\"twitter:label1\" content=\"Written by\" \/>\n\t<meta name=\"twitter:data1\" content=\"Adm BPC\" \/>\n\t<meta name=\"twitter:label2\" content=\"Est. reading time\" \/>\n\t<meta name=\"twitter:data2\" content=\"2 minutes\" \/>\n<script type=\"application\/ld+json\" class=\"yoast-schema-graph\">{\"@context\":\"https:\/\/schema.org\",\"@graph\":[{\"@type\":\"WebPage\",\"@id\":\"https:\/\/bricspolicycenter.org\/en\/launch-of-the-joint-declaration-of-the-convergence-dialogue\/\",\"url\":\"https:\/\/bricspolicycenter.org\/en\/launch-of-the-joint-declaration-of-the-convergence-dialogue\/\",\"name\":\"Launch of the Joint Declaration of the Convergence Dialogue - brq\",\"isPartOf\":{\"@id\":\"https:\/\/bricspolicycenter.org\/en\/#website\"},\"primaryImageOfPage\":{\"@id\":\"https:\/\/bricspolicycenter.org\/en\/launch-of-the-joint-declaration-of-the-convergence-dialogue\/#primaryimage\"},\"image\":{\"@id\":\"https:\/\/bricspolicycenter.org\/en\/launch-of-the-joint-declaration-of-the-convergence-dialogue\/#primaryimage\"},\"thumbnailUrl\":\"https:\/\/bricspolicycenter.org\/wp-content\/uploads\/2024\/06\/Imagem-do-WhatsApp-de-2024-06-26-as-10.08.28_9126b2c0.jpg\",\"datePublished\":\"2024-06-27T12:49:54+00:00\",\"dateModified\":\"2024-06-27T12:50:05+00:00\",\"author\":{\"@id\":\"https:\/\/bricspolicycenter.org\/en\/#\/schema\/person\/f34bc4c22f015ebcb023cebab0e0c9e4\"},\"breadcrumb\":{\"@id\":\"https:\/\/bricspolicycenter.org\/en\/launch-of-the-joint-declaration-of-the-convergence-dialogue\/#breadcrumb\"},\"inLanguage\":\"en-US\",\"potentialAction\":[{\"@type\":\"ReadAction\",\"target\":[\"https:\/\/bricspolicycenter.org\/en\/launch-of-the-joint-declaration-of-the-convergence-dialogue\/\"]}]},{\"@type\":\"ImageObject\",\"inLanguage\":\"en-US\",\"@id\":\"https:\/\/bricspolicycenter.org\/en\/launch-of-the-joint-declaration-of-the-convergence-dialogue\/#primaryimage\",\"url\":\"https:\/\/bricspolicycenter.org\/wp-content\/uploads\/2024\/06\/Imagem-do-WhatsApp-de-2024-06-26-as-10.08.28_9126b2c0.jpg\",\"contentUrl\":\"https:\/\/bricspolicycenter.org\/wp-content\/uploads\/2024\/06\/Imagem-do-WhatsApp-de-2024-06-26-as-10.08.28_9126b2c0.jpg\",\"width\":1080,\"height\":1080},{\"@type\":\"BreadcrumbList\",\"@id\":\"https:\/\/bricspolicycenter.org\/en\/launch-of-the-joint-declaration-of-the-convergence-dialogue\/#breadcrumb\",\"itemListElement\":[{\"@type\":\"ListItem\",\"position\":1,\"name\":\"In\u00edcio\",\"item\":\"https:\/\/bricspolicycenter.org\/en\/\"},{\"@type\":\"ListItem\",\"position\":2,\"name\":\"Launch of the Joint Declaration of the Convergence Dialogue\"}]},{\"@type\":\"WebSite\",\"@id\":\"https:\/\/bricspolicycenter.org\/en\/#website\",\"url\":\"https:\/\/bricspolicycenter.org\/en\/\",\"name\":\"brq\",\"description\":\"S\u00f3 mais um site WordPress\",\"potentialAction\":[{\"@type\":\"SearchAction\",\"target\":{\"@type\":\"EntryPoint\",\"urlTemplate\":\"https:\/\/bricspolicycenter.org\/en\/?s={search_term_string}\"},\"query-input\":{\"@type\":\"PropertyValueSpecification\",\"valueRequired\":true,\"valueName\":\"search_term_string\"}}],\"inLanguage\":\"en-US\"},{\"@type\":\"Person\",\"@id\":\"https:\/\/bricspolicycenter.org\/en\/#\/schema\/person\/f34bc4c22f015ebcb023cebab0e0c9e4\",\"name\":\"Adm BPC\",\"image\":{\"@type\":\"ImageObject\",\"inLanguage\":\"en-US\",\"@id\":\"https:\/\/bricspolicycenter.org\/en\/#\/schema\/person\/image\/\",\"url\":\"https:\/\/secure.gravatar.com\/avatar\/52c5584f583eb4ce2f4ed6fc37be38eb?s=96&d=mm&r=g\",\"contentUrl\":\"https:\/\/secure.gravatar.com\/avatar\/52c5584f583eb4ce2f4ed6fc37be38eb?s=96&d=mm&r=g\",\"caption\":\"Adm BPC\"},\"url\":\"https:\/\/bricspolicycenter.org\/en\/author\/admbpc\/\"}]}<\/script>\n<!-- \/ Yoast SEO plugin. -->","yoast_head_json":{"title":"Launch of the Joint Declaration of the Convergence Dialogue - brq","robots":{"index":"index","follow":"follow","max-snippet":"max-snippet:-1","max-image-preview":"max-image-preview:large","max-video-preview":"max-video-preview:-1"},"canonical":"https:\/\/bricspolicycenter.org\/en\/launch-of-the-joint-declaration-of-the-convergence-dialogue\/","og_locale":"en_US","og_type":"article","og_title":"Launch of the Joint Declaration of the Convergence Dialogue - brq","og_description":"The &#8220;Joint Declaration of the Convergence Dialogue&#8221; will be launched next Wednesday, July 3, in Rio de Janeiro. The document brings together recommendations for G20 leaders on the economic, environmental...","og_url":"https:\/\/bricspolicycenter.org\/en\/launch-of-the-joint-declaration-of-the-convergence-dialogue\/","og_site_name":"brq","article_published_time":"2024-06-27T12:49:54+00:00","article_modified_time":"2024-06-27T12:50:05+00:00","og_image":[{"width":1080,"height":1080,"url":"https:\/\/bricspolicycenter.org\/wp-content\/uploads\/2024\/06\/Imagem-do-WhatsApp-de-2024-06-26-as-10.08.28_9126b2c0.jpg","type":"image\/jpeg"}],"author":"Adm BPC","twitter_card":"summary_large_image","twitter_misc":{"Written by":"Adm BPC","Est. reading time":"2 minutes"},"schema":{"@context":"https:\/\/schema.org","@graph":[{"@type":"WebPage","@id":"https:\/\/bricspolicycenter.org\/en\/launch-of-the-joint-declaration-of-the-convergence-dialogue\/","url":"https:\/\/bricspolicycenter.org\/en\/launch-of-the-joint-declaration-of-the-convergence-dialogue\/","name":"Launch of the Joint Declaration of the Convergence Dialogue - brq","isPartOf":{"@id":"https:\/\/bricspolicycenter.org\/en\/#website"},"primaryImageOfPage":{"@id":"https:\/\/bricspolicycenter.org\/en\/launch-of-the-joint-declaration-of-the-convergence-dialogue\/#primaryimage"},"image":{"@id":"https:\/\/bricspolicycenter.org\/en\/launch-of-the-joint-declaration-of-the-convergence-dialogue\/#primaryimage"},"thumbnailUrl":"https:\/\/bricspolicycenter.org\/wp-content\/uploads\/2024\/06\/Imagem-do-WhatsApp-de-2024-06-26-as-10.08.28_9126b2c0.jpg","datePublished":"2024-06-27T12:49:54+00:00","dateModified":"2024-06-27T12:50:05+00:00","author":{"@id":"https:\/\/bricspolicycenter.org\/en\/#\/schema\/person\/f34bc4c22f015ebcb023cebab0e0c9e4"},"breadcrumb":{"@id":"https:\/\/bricspolicycenter.org\/en\/launch-of-the-joint-declaration-of-the-convergence-dialogue\/#breadcrumb"},"inLanguage":"en-US","potentialAction":[{"@type":"ReadAction","target":["https:\/\/bricspolicycenter.org\/en\/launch-of-the-joint-declaration-of-the-convergence-dialogue\/"]}]},{"@type":"ImageObject","inLanguage":"en-US","@id":"https:\/\/bricspolicycenter.org\/en\/launch-of-the-joint-declaration-of-the-convergence-dialogue\/#primaryimage","url":"https:\/\/bricspolicycenter.org\/wp-content\/uploads\/2024\/06\/Imagem-do-WhatsApp-de-2024-06-26-as-10.08.28_9126b2c0.jpg","contentUrl":"https:\/\/bricspolicycenter.org\/wp-content\/uploads\/2024\/06\/Imagem-do-WhatsApp-de-2024-06-26-as-10.08.28_9126b2c0.jpg","width":1080,"height":1080},{"@type":"BreadcrumbList","@id":"https:\/\/bricspolicycenter.org\/en\/launch-of-the-joint-declaration-of-the-convergence-dialogue\/#breadcrumb","itemListElement":[{"@type":"ListItem","position":1,"name":"In\u00edcio","item":"https:\/\/bricspolicycenter.org\/en\/"},{"@type":"ListItem","position":2,"name":"Launch of the Joint Declaration of the Convergence Dialogue"}]},{"@type":"WebSite","@id":"https:\/\/bricspolicycenter.org\/en\/#website","url":"https:\/\/bricspolicycenter.org\/en\/","name":"brq","description":"S\u00f3 mais um site WordPress","potentialAction":[{"@type":"SearchAction","target":{"@type":"EntryPoint","urlTemplate":"https:\/\/bricspolicycenter.org\/en\/?s={search_term_string}"},"query-input":{"@type":"PropertyValueSpecification","valueRequired":true,"valueName":"search_term_string"}}],"inLanguage":"en-US"},{"@type":"Person","@id":"https:\/\/bricspolicycenter.org\/en\/#\/schema\/person\/f34bc4c22f015ebcb023cebab0e0c9e4","name":"Adm BPC","image":{"@type":"ImageObject","inLanguage":"en-US","@id":"https:\/\/bricspolicycenter.org\/en\/#\/schema\/person\/image\/","url":"https:\/\/secure.gravatar.com\/avatar\/52c5584f583eb4ce2f4ed6fc37be38eb?s=96&d=mm&r=g","contentUrl":"https:\/\/secure.gravatar.com\/avatar\/52c5584f583eb4ce2f4ed6fc37be38eb?s=96&d=mm&r=g","caption":"Adm BPC"},"url":"https:\/\/bricspolicycenter.org\/en\/author\/admbpc\/"}]}},"_links":{"self":[{"href":"https:\/\/bricspolicycenter.org\/en\/wp-json\/wp\/v2\/posts\/19019","targetHints":{"allow":["GET"]}}],"collection":[{"href":"https:\/\/bricspolicycenter.org\/en\/wp-json\/wp\/v2\/posts"}],"about":[{"href":"https:\/\/bricspolicycenter.org\/en\/wp-json\/wp\/v2\/types\/post"}],"author":[{"embeddable":true,"href":"https:\/\/bricspolicycenter.org\/en\/wp-json\/wp\/v2\/users\/18"}],"replies":[{"embeddable":true,"href":"https:\/\/bricspolicycenter.org\/en\/wp-json\/wp\/v2\/comments?post=19019"}],"version-history":[{"count":1,"href":"https:\/\/bricspolicycenter.org\/en\/wp-json\/wp\/v2\/posts\/19019\/revisions"}],"predecessor-version":[{"id":19020,"href":"https:\/\/bricspolicycenter.org\/en\/wp-json\/wp\/v2\/posts\/19019\/revisions\/19020"}],"wp:featuredmedia":[{"embeddable":true,"href":"https:\/\/bricspolicycenter.org\/en\/wp-json\/wp\/v2\/media\/18994"}],"wp:attachment":[{"href":"https:\/\/bricspolicycenter.org\/en\/wp-json\/wp\/v2\/media?parent=19019"}],"wp:term":[{"taxonomy":"category","embeddable":true,"href":"https:\/\/bricspolicycenter.org\/en\/wp-json\/wp\/v2\/categories?post=19019"},{"taxonomy":"post_tag","embeddable":true,"href":"https:\/\/bricspolicycenter.org\/en\/wp-json\/wp\/v2\/tags?post=19019"}],"curies":[{"name":"wp","href":"https:\/\/api.w.org\/{rel}","templated":true}]}}