{"id":18511,"date":"2024-01-31T16:25:14","date_gmt":"2024-01-31T19:25:14","guid":{"rendered":"https:\/\/bricspolicycenter.org\/marta-fernandez-participa-de-reuniao-com-conselho-consultivo-nacional-do-t20\/"},"modified":"2024-01-31T16:25:14","modified_gmt":"2024-01-31T19:25:14","slug":"marta-fernandez-participa-de-reuniao-com-conselho-consultivo-nacional-do-t20","status":"publish","type":"post","link":"https:\/\/bricspolicycenter.org\/en\/marta-fernandez-participa-de-reuniao-com-conselho-consultivo-nacional-do-t20\/","title":{"rendered":"Marta Fern\u00e1ndez participa de reuni\u00e3o com Conselho Consultivo Nacional do T20"},"content":{"rendered":"<p>No dia 31 de janeiro, a diretora do BRICS Policy Center, Marta Fern\u00e1ndez, participou da reuni\u00e3o do Conselho Consultivo Nacional do T20, que tem o BPC como membro. Na ocasi\u00e3o, os representantes do IPEA, da FUNAG e do CEBRI apresentaram a estrutura e din\u00e2mica de trabalho do T20. Foi refor\u00e7ada a import\u00e2ncia das trocas e busca de converg\u00eancia entre os grupos de engajamento do G20 para que as recomenda\u00e7\u00f5es tenham maior\u00a0incid\u00eancia.<\/p>\n","protected":false},"excerpt":{"rendered":"<p>No dia 31 de janeiro, a diretora do BRICS Policy Center, Marta Fern\u00e1ndez, participou da reuni\u00e3o do Conselho Consultivo Nacional do T20, que tem o BPC como membro. Na ocasi\u00e3o,&#8230;<\/p>\n","protected":false},"author":18,"featured_media":17084,"comment_status":"open","ping_status":"open","sticky":false,"template":"","format":"standard","meta":{"footnotes":""},"categories":[7],"tags":[],"class_list":["post-18511","post","type-post","status-publish","format-standard","has-post-thumbnail","hentry","category-uncategorized"],"yoast_head":"<!-- This site is optimized with the Yoast SEO plugin v24.6 - https:\/\/yoast.com\/wordpress\/plugins\/seo\/ -->\n<title>Marta Fern\u00e1ndez participa de reuni\u00e3o com Conselho Consultivo Nacional do T20 - brq<\/title>\n<meta name=\"robots\" content=\"index, follow, max-snippet:-1, max-image-preview:large, max-video-preview:-1\" \/>\n<link rel=\"canonical\" href=\"https:\/\/bricspolicycenter.org\/en\/marta-fernandez-participa-de-reuniao-com-conselho-consultivo-nacional-do-t20\/\" \/>\n<meta property=\"og:locale\" content=\"en_US\" \/>\n<meta property=\"og:type\" content=\"article\" \/>\n<meta property=\"og:title\" content=\"Marta Fern\u00e1ndez participa de reuni\u00e3o com Conselho Consultivo Nacional do T20 - brq\" \/>\n<meta property=\"og:description\" content=\"No dia 31 de janeiro, a diretora do BRICS Policy Center, Marta Fern\u00e1ndez, participou da reuni\u00e3o do Conselho Consultivo Nacional do T20, que tem o BPC como membro. Na ocasi\u00e3o,...\" \/>\n<meta property=\"og:url\" content=\"https:\/\/bricspolicycenter.org\/en\/marta-fernandez-participa-de-reuniao-com-conselho-consultivo-nacional-do-t20\/\" \/>\n<meta property=\"og:site_name\" content=\"brq\" \/>\n<meta property=\"article:published_time\" content=\"2024-01-31T19:25:14+00:00\" \/>\n<meta name=\"author\" content=\"Adm BPC\" \/>\n<meta name=\"twitter:card\" content=\"summary_large_image\" \/>\n<meta name=\"twitter:label1\" content=\"Written by\" \/>\n\t<meta name=\"twitter:data1\" content=\"Adm BPC\" \/>\n<script type=\"application\/ld+json\" class=\"yoast-schema-graph\">{\"@context\":\"https:\/\/schema.org\",\"@graph\":[{\"@type\":\"WebPage\",\"@id\":\"https:\/\/bricspolicycenter.org\/en\/marta-fernandez-participa-de-reuniao-com-conselho-consultivo-nacional-do-t20\/\",\"url\":\"https:\/\/bricspolicycenter.org\/en\/marta-fernandez-participa-de-reuniao-com-conselho-consultivo-nacional-do-t20\/\",\"name\":\"Marta Fern\u00e1ndez participa de reuni\u00e3o com Conselho Consultivo Nacional do T20 - brq\",\"isPartOf\":{\"@id\":\"https:\/\/bricspolicycenter.org\/en\/#website\"},\"primaryImageOfPage\":{\"@id\":\"https:\/\/bricspolicycenter.org\/en\/marta-fernandez-participa-de-reuniao-com-conselho-consultivo-nacional-do-t20\/#primaryimage\"},\"image\":{\"@id\":\"https:\/\/bricspolicycenter.org\/en\/marta-fernandez-participa-de-reuniao-com-conselho-consultivo-nacional-do-t20\/#primaryimage\"},\"thumbnailUrl\":\"https:\/\/bricspolicycenter.org\/wp-content\/uploads\/2024\/01\/WhatsApp-Image-2024-01-31-at-3.45.54-PM.jpeg\",\"datePublished\":\"2024-01-31T19:25:14+00:00\",\"author\":{\"@id\":\"https:\/\/bricspolicycenter.org\/en\/#\/schema\/person\/f34bc4c22f015ebcb023cebab0e0c9e4\"},\"breadcrumb\":{\"@id\":\"https:\/\/bricspolicycenter.org\/en\/marta-fernandez-participa-de-reuniao-com-conselho-consultivo-nacional-do-t20\/#breadcrumb\"},\"inLanguage\":\"en-US\",\"potentialAction\":[{\"@type\":\"ReadAction\",\"target\":[\"https:\/\/bricspolicycenter.org\/en\/marta-fernandez-participa-de-reuniao-com-conselho-consultivo-nacional-do-t20\/\"]}]},{\"@type\":\"ImageObject\",\"inLanguage\":\"en-US\",\"@id\":\"https:\/\/bricspolicycenter.org\/en\/marta-fernandez-participa-de-reuniao-com-conselho-consultivo-nacional-do-t20\/#primaryimage\",\"url\":\"https:\/\/bricspolicycenter.org\/wp-content\/uploads\/2024\/01\/WhatsApp-Image-2024-01-31-at-3.45.54-PM.jpeg\",\"contentUrl\":\"https:\/\/bricspolicycenter.org\/wp-content\/uploads\/2024\/01\/WhatsApp-Image-2024-01-31-at-3.45.54-PM.jpeg\",\"width\":1080,\"height\":1080},{\"@type\":\"BreadcrumbList\",\"@id\":\"https:\/\/bricspolicycenter.org\/en\/marta-fernandez-participa-de-reuniao-com-conselho-consultivo-nacional-do-t20\/#breadcrumb\",\"itemListElement\":[{\"@type\":\"ListItem\",\"position\":1,\"name\":\"In\u00edcio\",\"item\":\"https:\/\/bricspolicycenter.org\/en\/\"},{\"@type\":\"ListItem\",\"position\":2,\"name\":\"Marta Fern\u00e1ndez participa de reuni\u00e3o com Conselho Consultivo Nacional do T20\"}]},{\"@type\":\"WebSite\",\"@id\":\"https:\/\/bricspolicycenter.org\/en\/#website\",\"url\":\"https:\/\/bricspolicycenter.org\/en\/\",\"name\":\"brq\",\"description\":\"S\u00f3 mais um site WordPress\",\"potentialAction\":[{\"@type\":\"SearchAction\",\"target\":{\"@type\":\"EntryPoint\",\"urlTemplate\":\"https:\/\/bricspolicycenter.org\/en\/?s={search_term_string}\"},\"query-input\":{\"@type\":\"PropertyValueSpecification\",\"valueRequired\":true,\"valueName\":\"search_term_string\"}}],\"inLanguage\":\"en-US\"},{\"@type\":\"Person\",\"@id\":\"https:\/\/bricspolicycenter.org\/en\/#\/schema\/person\/f34bc4c22f015ebcb023cebab0e0c9e4\",\"name\":\"Adm BPC\",\"image\":{\"@type\":\"ImageObject\",\"inLanguage\":\"en-US\",\"@id\":\"https:\/\/bricspolicycenter.org\/en\/#\/schema\/person\/image\/\",\"url\":\"https:\/\/secure.gravatar.com\/avatar\/52c5584f583eb4ce2f4ed6fc37be38eb?s=96&d=mm&r=g\",\"contentUrl\":\"https:\/\/secure.gravatar.com\/avatar\/52c5584f583eb4ce2f4ed6fc37be38eb?s=96&d=mm&r=g\",\"caption\":\"Adm BPC\"},\"url\":\"https:\/\/bricspolicycenter.org\/en\/author\/admbpc\/\"}]}<\/script>\n<!-- \/ Yoast SEO plugin. -->","yoast_head_json":{"title":"Marta Fern\u00e1ndez participa de reuni\u00e3o com Conselho Consultivo Nacional do T20 - brq","robots":{"index":"index","follow":"follow","max-snippet":"max-snippet:-1","max-image-preview":"max-image-preview:large","max-video-preview":"max-video-preview:-1"},"canonical":"https:\/\/bricspolicycenter.org\/en\/marta-fernandez-participa-de-reuniao-com-conselho-consultivo-nacional-do-t20\/","og_locale":"en_US","og_type":"article","og_title":"Marta Fern\u00e1ndez participa de reuni\u00e3o com Conselho Consultivo Nacional do T20 - brq","og_description":"No dia 31 de janeiro, a diretora do BRICS Policy Center, Marta Fern\u00e1ndez, participou da reuni\u00e3o do Conselho Consultivo Nacional do T20, que tem o BPC como membro. Na ocasi\u00e3o,...","og_url":"https:\/\/bricspolicycenter.org\/en\/marta-fernandez-participa-de-reuniao-com-conselho-consultivo-nacional-do-t20\/","og_site_name":"brq","article_published_time":"2024-01-31T19:25:14+00:00","author":"Adm BPC","twitter_card":"summary_large_image","twitter_misc":{"Written by":"Adm BPC"},"schema":{"@context":"https:\/\/schema.org","@graph":[{"@type":"WebPage","@id":"https:\/\/bricspolicycenter.org\/en\/marta-fernandez-participa-de-reuniao-com-conselho-consultivo-nacional-do-t20\/","url":"https:\/\/bricspolicycenter.org\/en\/marta-fernandez-participa-de-reuniao-com-conselho-consultivo-nacional-do-t20\/","name":"Marta Fern\u00e1ndez participa de reuni\u00e3o com Conselho Consultivo Nacional do T20 - brq","isPartOf":{"@id":"https:\/\/bricspolicycenter.org\/en\/#website"},"primaryImageOfPage":{"@id":"https:\/\/bricspolicycenter.org\/en\/marta-fernandez-participa-de-reuniao-com-conselho-consultivo-nacional-do-t20\/#primaryimage"},"image":{"@id":"https:\/\/bricspolicycenter.org\/en\/marta-fernandez-participa-de-reuniao-com-conselho-consultivo-nacional-do-t20\/#primaryimage"},"thumbnailUrl":"https:\/\/bricspolicycenter.org\/wp-content\/uploads\/2024\/01\/WhatsApp-Image-2024-01-31-at-3.45.54-PM.jpeg","datePublished":"2024-01-31T19:25:14+00:00","author":{"@id":"https:\/\/bricspolicycenter.org\/en\/#\/schema\/person\/f34bc4c22f015ebcb023cebab0e0c9e4"},"breadcrumb":{"@id":"https:\/\/bricspolicycenter.org\/en\/marta-fernandez-participa-de-reuniao-com-conselho-consultivo-nacional-do-t20\/#breadcrumb"},"inLanguage":"en-US","potentialAction":[{"@type":"ReadAction","target":["https:\/\/bricspolicycenter.org\/en\/marta-fernandez-participa-de-reuniao-com-conselho-consultivo-nacional-do-t20\/"]}]},{"@type":"ImageObject","inLanguage":"en-US","@id":"https:\/\/bricspolicycenter.org\/en\/marta-fernandez-participa-de-reuniao-com-conselho-consultivo-nacional-do-t20\/#primaryimage","url":"https:\/\/bricspolicycenter.org\/wp-content\/uploads\/2024\/01\/WhatsApp-Image-2024-01-31-at-3.45.54-PM.jpeg","contentUrl":"https:\/\/bricspolicycenter.org\/wp-content\/uploads\/2024\/01\/WhatsApp-Image-2024-01-31-at-3.45.54-PM.jpeg","width":1080,"height":1080},{"@type":"BreadcrumbList","@id":"https:\/\/bricspolicycenter.org\/en\/marta-fernandez-participa-de-reuniao-com-conselho-consultivo-nacional-do-t20\/#breadcrumb","itemListElement":[{"@type":"ListItem","position":1,"name":"In\u00edcio","item":"https:\/\/bricspolicycenter.org\/en\/"},{"@type":"ListItem","position":2,"name":"Marta Fern\u00e1ndez participa de reuni\u00e3o com Conselho Consultivo Nacional do T20"}]},{"@type":"WebSite","@id":"https:\/\/bricspolicycenter.org\/en\/#website","url":"https:\/\/bricspolicycenter.org\/en\/","name":"brq","description":"S\u00f3 mais um site WordPress","potentialAction":[{"@type":"SearchAction","target":{"@type":"EntryPoint","urlTemplate":"https:\/\/bricspolicycenter.org\/en\/?s={search_term_string}"},"query-input":{"@type":"PropertyValueSpecification","valueRequired":true,"valueName":"search_term_string"}}],"inLanguage":"en-US"},{"@type":"Person","@id":"https:\/\/bricspolicycenter.org\/en\/#\/schema\/person\/f34bc4c22f015ebcb023cebab0e0c9e4","name":"Adm BPC","image":{"@type":"ImageObject","inLanguage":"en-US","@id":"https:\/\/bricspolicycenter.org\/en\/#\/schema\/person\/image\/","url":"https:\/\/secure.gravatar.com\/avatar\/52c5584f583eb4ce2f4ed6fc37be38eb?s=96&d=mm&r=g","contentUrl":"https:\/\/secure.gravatar.com\/avatar\/52c5584f583eb4ce2f4ed6fc37be38eb?s=96&d=mm&r=g","caption":"Adm BPC"},"url":"https:\/\/bricspolicycenter.org\/en\/author\/admbpc\/"}]}},"_links":{"self":[{"href":"https:\/\/bricspolicycenter.org\/en\/wp-json\/wp\/v2\/posts\/18511","targetHints":{"allow":["GET"]}}],"collection":[{"href":"https:\/\/bricspolicycenter.org\/en\/wp-json\/wp\/v2\/posts"}],"about":[{"href":"https:\/\/bricspolicycenter.org\/en\/wp-json\/wp\/v2\/types\/post"}],"author":[{"embeddable":true,"href":"https:\/\/bricspolicycenter.org\/en\/wp-json\/wp\/v2\/users\/18"}],"replies":[{"embeddable":true,"href":"https:\/\/bricspolicycenter.org\/en\/wp-json\/wp\/v2\/comments?post=18511"}],"version-history":[{"count":0,"href":"https:\/\/bricspolicycenter.org\/en\/wp-json\/wp\/v2\/posts\/18511\/revisions"}],"wp:featuredmedia":[{"embeddable":true,"href":"https:\/\/bricspolicycenter.org\/en\/wp-json\/wp\/v2\/media\/17084"}],"wp:attachment":[{"href":"https:\/\/bricspolicycenter.org\/en\/wp-json\/wp\/v2\/media?parent=18511"}],"wp:term":[{"taxonomy":"category","embeddable":true,"href":"https:\/\/bricspolicycenter.org\/en\/wp-json\/wp\/v2\/categories?post=18511"},{"taxonomy":"post_tag","embeddable":true,"href":"https:\/\/bricspolicycenter.org\/en\/wp-json\/wp\/v2\/tags?post=18511"}],"curies":[{"name":"wp","href":"https:\/\/api.w.org\/{rel}","templated":true}]}}