{"id":14613,"date":"2023-01-26T16:51:38","date_gmt":"2023-01-26T19:51:38","guid":{"rendered":"https:\/\/bricspolicycenter.org\/paulo-esteves-debates-the-current-role-of-the-brics\/"},"modified":"2023-01-26T16:51:54","modified_gmt":"2023-01-26T19:51:54","slug":"paulo-esteves-debates-the-current-role-of-the-brics","status":"publish","type":"post","link":"https:\/\/bricspolicycenter.org\/en\/paulo-esteves-debates-the-current-role-of-the-brics\/","title":{"rendered":"Paulo Esteves debates the current role of the BRICS"},"content":{"rendered":"<p><span style=\"font-weight: 400;\">As a result of the 11th BRICS Summit, hosted in Brasilia on November 13-14, 2019, Professor and Director of the BRICS Policy Center, <\/span><a href=\"\/?p=1019\"><span style=\"font-weight: 400;\">Paulo Esteves<\/span><\/a><span style=\"font-weight: 400;\">, was interviewed by the website <\/span><a href=\"https:\/\/dialogochino.net\/\"><span style=\"font-weight: 400;\">Di\u00e1logo Chino<\/span><\/a><span style=\"font-weight: 400;\"> and talked about the important role that the BRICS still occupy in the international arena. As highlighted by the professor &#8220;the world today looks much more like a world built in the image of the BRICS (&#8230;) That is, a world that has multiple poles of power, rather than just the image of the West.&#8221;<\/span><\/p>\n<p><span style=\"font-weight: 400;\">Read the full article <\/span><a href=\"https:\/\/dialogochino.net\/31731-brics-turns-ten\/?lang=pt-br\"><span style=\"font-weight: 400;\">here<\/span><\/a><span style=\"font-weight: 400;\">.<\/span><\/p>\n<p><span style=\"font-weight: 400;\">(image: <\/span><a href=\"https:\/\/www.flickr.com\/photos\/palaciodoplanalto\/49060585232\/\"><span style=\"font-weight: 400;\">Alex Santos\/ PR<\/span><\/a><span style=\"font-weight: 400;\"> | reproduction of Di\u00e1logo Chino)<\/span><\/p>\n","protected":false},"excerpt":{"rendered":"<p>As a result of the 11th BRICS Summit, hosted in Brasilia on November 13-14, 2019, Professor and Director of the BRICS Policy Center, Paulo Esteves, was interviewed by the website&#8230;<\/p>\n","protected":false},"author":16,"featured_media":11560,"comment_status":"open","ping_status":"open","sticky":false,"template":"","format":"standard","meta":{"footnotes":""},"categories":[340,341,7],"tags":[],"class_list":["post-14613","post","type-post","status-publish","format-standard","has-post-thumbnail","hentry","category-imprensa","category-media-coverage","category-uncategorized"],"yoast_head":"<!-- This site is optimized with the Yoast SEO plugin v24.6 - https:\/\/yoast.com\/wordpress\/plugins\/seo\/ -->\n<title>Paulo Esteves debates the current role of the BRICS - brq<\/title>\n<meta name=\"robots\" content=\"index, follow, max-snippet:-1, max-image-preview:large, max-video-preview:-1\" \/>\n<link rel=\"canonical\" href=\"https:\/\/bricspolicycenter.org\/paulo-esteves-debate-o-papel-atual-dos-brics\/\" \/>\n<meta property=\"og:locale\" content=\"en_US\" \/>\n<meta property=\"og:type\" content=\"article\" \/>\n<meta property=\"og:title\" content=\"Paulo Esteves debates the current role of the BRICS - brq\" \/>\n<meta property=\"og:description\" content=\"As a result of the 11th BRICS Summit, hosted in Brasilia on November 13-14, 2019, Professor and Director of the BRICS Policy Center, Paulo Esteves, was interviewed by the website...\" \/>\n<meta property=\"og:url\" content=\"https:\/\/bricspolicycenter.org\/paulo-esteves-debate-o-papel-atual-dos-brics\/\" \/>\n<meta property=\"og:site_name\" content=\"brq\" \/>\n<meta property=\"article:published_time\" content=\"2023-01-26T19:51:38+00:00\" \/>\n<meta property=\"article:modified_time\" content=\"2023-01-26T19:51:54+00:00\" \/>\n<meta property=\"og:image\" content=\"https:\/\/bricspolicycenter.org\/wp-content\/uploads\/2020\/01\/cu\u0301pula-Brics-Brasi\u0301lia-1440x720.jpg\" \/>\n\t<meta property=\"og:image:width\" content=\"1440\" \/>\n\t<meta property=\"og:image:height\" content=\"720\" \/>\n\t<meta property=\"og:image:type\" content=\"image\/jpeg\" \/>\n<meta name=\"author\" content=\"claudia\" \/>\n<meta name=\"twitter:card\" content=\"summary_large_image\" \/>\n<meta name=\"twitter:label1\" content=\"Written by\" \/>\n\t<meta name=\"twitter:data1\" content=\"claudia\" \/>\n\t<meta name=\"twitter:label2\" content=\"Est. reading time\" \/>\n\t<meta name=\"twitter:data2\" content=\"1 minute\" \/>\n<script type=\"application\/ld+json\" class=\"yoast-schema-graph\">{\"@context\":\"https:\/\/schema.org\",\"@graph\":[{\"@type\":\"WebPage\",\"@id\":\"https:\/\/bricspolicycenter.org\/paulo-esteves-debate-o-papel-atual-dos-brics\/\",\"url\":\"https:\/\/bricspolicycenter.org\/paulo-esteves-debate-o-papel-atual-dos-brics\/\",\"name\":\"Paulo Esteves debates the current role of the BRICS - brq\",\"isPartOf\":{\"@id\":\"https:\/\/bricspolicycenter.org\/en\/#website\"},\"primaryImageOfPage\":{\"@id\":\"https:\/\/bricspolicycenter.org\/paulo-esteves-debate-o-papel-atual-dos-brics\/#primaryimage\"},\"image\":{\"@id\":\"https:\/\/bricspolicycenter.org\/paulo-esteves-debate-o-papel-atual-dos-brics\/#primaryimage\"},\"thumbnailUrl\":\"https:\/\/bricspolicycenter.org\/wp-content\/uploads\/2020\/01\/cu\u0301pula-Brics-Brasi\u0301lia-1440x720.jpg\",\"datePublished\":\"2023-01-26T19:51:38+00:00\",\"dateModified\":\"2023-01-26T19:51:54+00:00\",\"author\":{\"@id\":\"https:\/\/bricspolicycenter.org\/en\/#\/schema\/person\/fd1294cc2c1b7f63bf62fbf420197e46\"},\"breadcrumb\":{\"@id\":\"https:\/\/bricspolicycenter.org\/paulo-esteves-debate-o-papel-atual-dos-brics\/#breadcrumb\"},\"inLanguage\":\"en-US\",\"potentialAction\":[{\"@type\":\"ReadAction\",\"target\":[\"https:\/\/bricspolicycenter.org\/paulo-esteves-debate-o-papel-atual-dos-brics\/\"]}]},{\"@type\":\"ImageObject\",\"inLanguage\":\"en-US\",\"@id\":\"https:\/\/bricspolicycenter.org\/paulo-esteves-debate-o-papel-atual-dos-brics\/#primaryimage\",\"url\":\"https:\/\/bricspolicycenter.org\/wp-content\/uploads\/2020\/01\/cu\u0301pula-Brics-Brasi\u0301lia-1440x720.jpg\",\"contentUrl\":\"https:\/\/bricspolicycenter.org\/wp-content\/uploads\/2020\/01\/cu\u0301pula-Brics-Brasi\u0301lia-1440x720.jpg\",\"width\":1440,\"height\":720,\"caption\":\"(imagem: Alex Santos, PR \/ reprodu\u00e7\u00e3o Di\u00e1logo Chino)\"},{\"@type\":\"BreadcrumbList\",\"@id\":\"https:\/\/bricspolicycenter.org\/paulo-esteves-debate-o-papel-atual-dos-brics\/#breadcrumb\",\"itemListElement\":[{\"@type\":\"ListItem\",\"position\":1,\"name\":\"In\u00edcio\",\"item\":\"https:\/\/bricspolicycenter.org\/en\/\"},{\"@type\":\"ListItem\",\"position\":2,\"name\":\"Paulo Esteves debates the current role of the BRICS\"}]},{\"@type\":\"WebSite\",\"@id\":\"https:\/\/bricspolicycenter.org\/en\/#website\",\"url\":\"https:\/\/bricspolicycenter.org\/en\/\",\"name\":\"brq\",\"description\":\"S\u00f3 mais um site WordPress\",\"potentialAction\":[{\"@type\":\"SearchAction\",\"target\":{\"@type\":\"EntryPoint\",\"urlTemplate\":\"https:\/\/bricspolicycenter.org\/en\/?s={search_term_string}\"},\"query-input\":{\"@type\":\"PropertyValueSpecification\",\"valueRequired\":true,\"valueName\":\"search_term_string\"}}],\"inLanguage\":\"en-US\"},{\"@type\":\"Person\",\"@id\":\"https:\/\/bricspolicycenter.org\/en\/#\/schema\/person\/fd1294cc2c1b7f63bf62fbf420197e46\",\"name\":\"claudia\",\"image\":{\"@type\":\"ImageObject\",\"inLanguage\":\"en-US\",\"@id\":\"https:\/\/bricspolicycenter.org\/en\/#\/schema\/person\/image\/\",\"url\":\"https:\/\/secure.gravatar.com\/avatar\/384f41c57793ee1926448caf6f58ada3?s=96&d=mm&r=g\",\"contentUrl\":\"https:\/\/secure.gravatar.com\/avatar\/384f41c57793ee1926448caf6f58ada3?s=96&d=mm&r=g\",\"caption\":\"claudia\"},\"url\":\"https:\/\/bricspolicycenter.org\/en\/author\/claudia\/\"}]}<\/script>\n<!-- \/ Yoast SEO plugin. -->","yoast_head_json":{"title":"Paulo Esteves debates the current role of the BRICS - brq","robots":{"index":"index","follow":"follow","max-snippet":"max-snippet:-1","max-image-preview":"max-image-preview:large","max-video-preview":"max-video-preview:-1"},"canonical":"https:\/\/bricspolicycenter.org\/paulo-esteves-debate-o-papel-atual-dos-brics\/","og_locale":"en_US","og_type":"article","og_title":"Paulo Esteves debates the current role of the BRICS - brq","og_description":"As a result of the 11th BRICS Summit, hosted in Brasilia on November 13-14, 2019, Professor and Director of the BRICS Policy Center, Paulo Esteves, was interviewed by the website...","og_url":"https:\/\/bricspolicycenter.org\/paulo-esteves-debate-o-papel-atual-dos-brics\/","og_site_name":"brq","article_published_time":"2023-01-26T19:51:38+00:00","article_modified_time":"2023-01-26T19:51:54+00:00","og_image":[{"width":1440,"height":720,"url":"https:\/\/bricspolicycenter.org\/wp-content\/uploads\/2020\/01\/cu\u0301pula-Brics-Brasi\u0301lia-1440x720.jpg","type":"image\/jpeg"}],"author":"claudia","twitter_card":"summary_large_image","twitter_misc":{"Written by":"claudia","Est. reading time":"1 minute"},"schema":{"@context":"https:\/\/schema.org","@graph":[{"@type":"WebPage","@id":"https:\/\/bricspolicycenter.org\/paulo-esteves-debate-o-papel-atual-dos-brics\/","url":"https:\/\/bricspolicycenter.org\/paulo-esteves-debate-o-papel-atual-dos-brics\/","name":"Paulo Esteves debates the current role of the BRICS - brq","isPartOf":{"@id":"https:\/\/bricspolicycenter.org\/en\/#website"},"primaryImageOfPage":{"@id":"https:\/\/bricspolicycenter.org\/paulo-esteves-debate-o-papel-atual-dos-brics\/#primaryimage"},"image":{"@id":"https:\/\/bricspolicycenter.org\/paulo-esteves-debate-o-papel-atual-dos-brics\/#primaryimage"},"thumbnailUrl":"https:\/\/bricspolicycenter.org\/wp-content\/uploads\/2020\/01\/cu\u0301pula-Brics-Brasi\u0301lia-1440x720.jpg","datePublished":"2023-01-26T19:51:38+00:00","dateModified":"2023-01-26T19:51:54+00:00","author":{"@id":"https:\/\/bricspolicycenter.org\/en\/#\/schema\/person\/fd1294cc2c1b7f63bf62fbf420197e46"},"breadcrumb":{"@id":"https:\/\/bricspolicycenter.org\/paulo-esteves-debate-o-papel-atual-dos-brics\/#breadcrumb"},"inLanguage":"en-US","potentialAction":[{"@type":"ReadAction","target":["https:\/\/bricspolicycenter.org\/paulo-esteves-debate-o-papel-atual-dos-brics\/"]}]},{"@type":"ImageObject","inLanguage":"en-US","@id":"https:\/\/bricspolicycenter.org\/paulo-esteves-debate-o-papel-atual-dos-brics\/#primaryimage","url":"https:\/\/bricspolicycenter.org\/wp-content\/uploads\/2020\/01\/cu\u0301pula-Brics-Brasi\u0301lia-1440x720.jpg","contentUrl":"https:\/\/bricspolicycenter.org\/wp-content\/uploads\/2020\/01\/cu\u0301pula-Brics-Brasi\u0301lia-1440x720.jpg","width":1440,"height":720,"caption":"(imagem: Alex Santos, PR \/ reprodu\u00e7\u00e3o Di\u00e1logo Chino)"},{"@type":"BreadcrumbList","@id":"https:\/\/bricspolicycenter.org\/paulo-esteves-debate-o-papel-atual-dos-brics\/#breadcrumb","itemListElement":[{"@type":"ListItem","position":1,"name":"In\u00edcio","item":"https:\/\/bricspolicycenter.org\/en\/"},{"@type":"ListItem","position":2,"name":"Paulo Esteves debates the current role of the BRICS"}]},{"@type":"WebSite","@id":"https:\/\/bricspolicycenter.org\/en\/#website","url":"https:\/\/bricspolicycenter.org\/en\/","name":"brq","description":"S\u00f3 mais um site WordPress","potentialAction":[{"@type":"SearchAction","target":{"@type":"EntryPoint","urlTemplate":"https:\/\/bricspolicycenter.org\/en\/?s={search_term_string}"},"query-input":{"@type":"PropertyValueSpecification","valueRequired":true,"valueName":"search_term_string"}}],"inLanguage":"en-US"},{"@type":"Person","@id":"https:\/\/bricspolicycenter.org\/en\/#\/schema\/person\/fd1294cc2c1b7f63bf62fbf420197e46","name":"claudia","image":{"@type":"ImageObject","inLanguage":"en-US","@id":"https:\/\/bricspolicycenter.org\/en\/#\/schema\/person\/image\/","url":"https:\/\/secure.gravatar.com\/avatar\/384f41c57793ee1926448caf6f58ada3?s=96&d=mm&r=g","contentUrl":"https:\/\/secure.gravatar.com\/avatar\/384f41c57793ee1926448caf6f58ada3?s=96&d=mm&r=g","caption":"claudia"},"url":"https:\/\/bricspolicycenter.org\/en\/author\/claudia\/"}]}},"_links":{"self":[{"href":"https:\/\/bricspolicycenter.org\/en\/wp-json\/wp\/v2\/posts\/14613","targetHints":{"allow":["GET"]}}],"collection":[{"href":"https:\/\/bricspolicycenter.org\/en\/wp-json\/wp\/v2\/posts"}],"about":[{"href":"https:\/\/bricspolicycenter.org\/en\/wp-json\/wp\/v2\/types\/post"}],"author":[{"embeddable":true,"href":"https:\/\/bricspolicycenter.org\/en\/wp-json\/wp\/v2\/users\/16"}],"replies":[{"embeddable":true,"href":"https:\/\/bricspolicycenter.org\/en\/wp-json\/wp\/v2\/comments?post=14613"}],"version-history":[{"count":1,"href":"https:\/\/bricspolicycenter.org\/en\/wp-json\/wp\/v2\/posts\/14613\/revisions"}],"predecessor-version":[{"id":14614,"href":"https:\/\/bricspolicycenter.org\/en\/wp-json\/wp\/v2\/posts\/14613\/revisions\/14614"}],"wp:featuredmedia":[{"embeddable":true,"href":"https:\/\/bricspolicycenter.org\/en\/wp-json\/wp\/v2\/media\/11560"}],"wp:attachment":[{"href":"https:\/\/bricspolicycenter.org\/en\/wp-json\/wp\/v2\/media?parent=14613"}],"wp:term":[{"taxonomy":"category","embeddable":true,"href":"https:\/\/bricspolicycenter.org\/en\/wp-json\/wp\/v2\/categories?post=14613"},{"taxonomy":"post_tag","embeddable":true,"href":"https:\/\/bricspolicycenter.org\/en\/wp-json\/wp\/v2\/tags?post=14613"}],"curies":[{"name":"wp","href":"https:\/\/api.w.org\/{rel}","templated":true}]}}