{"id":14602,"date":"2023-01-26T16:24:29","date_gmt":"2023-01-26T19:24:29","guid":{"rendered":"https:\/\/bricspolicycenter.org\/intelligence-forum-rafael-fonteles-defends-extension-of-federal-aid-until-2021\/"},"modified":"2023-01-26T16:27:36","modified_gmt":"2023-01-26T19:27:36","slug":"intelligence-forum-rafael-fonteles-defends-extension-of-federal-aid-until-2021","status":"publish","type":"post","link":"https:\/\/bricspolicycenter.org\/en\/intelligence-forum-rafael-fonteles-defends-extension-of-federal-aid-until-2021\/","title":{"rendered":"Intelligence Forum: Rafael Fonteles defends extension of federal aid until 2021"},"content":{"rendered":"<div class=\"wpb-content-wrapper\"><p>[vc_row row_type=&#8221;row&#8221; use_row_as_full_screen_section=&#8221;no&#8221; type=&#8221;full_width&#8221; text_align=&#8221;left&#8221; css_animation=&#8221;&#8221;][vc_column][vc_column_text]<span style=\"font-weight: 400;\">According to an article published by the <\/span><a href=\"https:\/\/www.viagora.com.br\/\"><span style=\"font-weight: 400;\">newspaper Viagora<\/span><\/a><span style=\"font-weight: 400;\"> (Bruna Le\u00e3o), the State Secretary of Finance and Chairman of the National Committee of Secretaries of Finance, Finance, Revenue or Taxation of the States and Federal District (Comsefaz), Rafael Fonteles defended, during the first debate of the Intelligence Forum, the extension of federal government aid to workers, businesses, states and municipalities.<\/span><\/p>\n<p><span style=\"font-weight: 400;\">The Finance Secretaries from S\u00e3o Paulo, Henrique Meirelles; Paran\u00e1, Ren\u00ea Garcia; Pernambuco, D\u00e9cio Padilha da Cruz; and Mato Grosso, Rog\u00e9rio Gallo were also present at this occasion.\u00a0<\/span><\/p>\n<p><span style=\"font-weight: 400;\">The <\/span><a href=\"https:\/\/www.insightinteligencia.com.br\/foro\/o-risco-de-uma-crise-estrutural-nas-financas-dos-estados\/\"><span style=\"font-weight: 400;\">Intelligence Forum<\/span><\/a><span style=\"font-weight: 400;\"> brings together the BRICS Policy Center and Insight, with the support of the Institute of International Relations (IRI) of PUC-Rio and the House of Afonso Arinos, in order to maintain an open channel for debates with countries such as China, Russia, India and South Africa. In this 2020 cycle, the forum will present new points of view on subjects from different areas of knowledge, through lectures and seminars.<\/span><\/p>\n<p><span style=\"font-weight: 400;\">Read the full story below.<\/span><\/p>\n<p>[\/vc_column_text][vc_empty_space]<a href=\"https:\/\/www.viagora.com.br\/noticias\/rafael-fonteles-defende-prorrogacao-de-auxilios-federais-ate-2021-83931.html\" target=\"_blank\"  class=\"qbutton \" style=\"\">read more<\/a>[\/vc_column][\/vc_row]<\/p>\n<\/div>","protected":false},"excerpt":{"rendered":"<p>[vc_row row_type=&#8221;row&#8221; use_row_as_full_screen_section=&#8221;no&#8221; type=&#8221;full_width&#8221; text_align=&#8221;left&#8221; css_animation=&#8221;&#8221;][vc_column][vc_column_text]According to an article published by the newspaper Viagora (Bruna Le\u00e3o), the State Secretary of Finance and Chairman of the National Committee of Secretaries of&#8230;<\/p>\n","protected":false},"author":16,"featured_media":12396,"comment_status":"open","ping_status":"open","sticky":false,"template":"","format":"standard","meta":{"footnotes":""},"categories":[340,7],"tags":[],"class_list":["post-14602","post","type-post","status-publish","format-standard","has-post-thumbnail","hentry","category-imprensa","category-uncategorized"],"yoast_head":"<!-- This site is optimized with the Yoast SEO plugin v24.6 - https:\/\/yoast.com\/wordpress\/plugins\/seo\/ -->\n<title>Intelligence Forum: Rafael Fonteles defends extension of federal aid until 2021 - brq<\/title>\n<meta name=\"robots\" content=\"index, follow, max-snippet:-1, max-image-preview:large, max-video-preview:-1\" \/>\n<link rel=\"canonical\" href=\"https:\/\/bricspolicycenter.org\/en\/intelligence-forum-rafael-fonteles-defends-extension-of-federal-aid-until-2021\/\" \/>\n<meta property=\"og:locale\" content=\"en_US\" \/>\n<meta property=\"og:type\" content=\"article\" \/>\n<meta property=\"og:title\" content=\"Intelligence Forum: Rafael Fonteles defends extension of federal aid until 2021 - brq\" \/>\n<meta property=\"og:description\" content=\"[vc_row row_type=&#8221;row&#8221; use_row_as_full_screen_section=&#8221;no&#8221; type=&#8221;full_width&#8221; text_align=&#8221;left&#8221; css_animation=&#8221;&#8221;][vc_column][vc_column_text]According to an article published by the newspaper Viagora (Bruna Le\u00e3o), the State Secretary of Finance and Chairman of the National Committee of Secretaries of...\" \/>\n<meta property=\"og:url\" content=\"https:\/\/bricspolicycenter.org\/en\/intelligence-forum-rafael-fonteles-defends-extension-of-federal-aid-until-2021\/\" \/>\n<meta property=\"og:site_name\" content=\"brq\" \/>\n<meta property=\"article:published_time\" content=\"2023-01-26T19:24:29+00:00\" \/>\n<meta property=\"article:modified_time\" content=\"2023-01-26T19:27:36+00:00\" \/>\n<meta property=\"og:image\" content=\"https:\/\/bricspolicycenter.org\/wp-content\/uploads\/2020\/10\/rafael-fonteles-1900x900_c.jpg\" \/>\n\t<meta property=\"og:image:width\" content=\"1900\" \/>\n\t<meta property=\"og:image:height\" content=\"900\" \/>\n\t<meta property=\"og:image:type\" content=\"image\/jpeg\" \/>\n<meta name=\"author\" content=\"claudia\" \/>\n<meta name=\"twitter:card\" content=\"summary_large_image\" \/>\n<meta name=\"twitter:label1\" content=\"Written by\" \/>\n\t<meta name=\"twitter:data1\" content=\"claudia\" \/>\n\t<meta name=\"twitter:label2\" content=\"Est. reading time\" \/>\n\t<meta name=\"twitter:data2\" content=\"1 minute\" \/>\n<script type=\"application\/ld+json\" class=\"yoast-schema-graph\">{\"@context\":\"https:\/\/schema.org\",\"@graph\":[{\"@type\":\"WebPage\",\"@id\":\"https:\/\/bricspolicycenter.org\/en\/intelligence-forum-rafael-fonteles-defends-extension-of-federal-aid-until-2021\/\",\"url\":\"https:\/\/bricspolicycenter.org\/en\/intelligence-forum-rafael-fonteles-defends-extension-of-federal-aid-until-2021\/\",\"name\":\"Intelligence Forum: Rafael Fonteles defends extension of federal aid until 2021 - brq\",\"isPartOf\":{\"@id\":\"https:\/\/bricspolicycenter.org\/en\/#website\"},\"primaryImageOfPage\":{\"@id\":\"https:\/\/bricspolicycenter.org\/en\/intelligence-forum-rafael-fonteles-defends-extension-of-federal-aid-until-2021\/#primaryimage\"},\"image\":{\"@id\":\"https:\/\/bricspolicycenter.org\/en\/intelligence-forum-rafael-fonteles-defends-extension-of-federal-aid-until-2021\/#primaryimage\"},\"thumbnailUrl\":\"https:\/\/bricspolicycenter.org\/wp-content\/uploads\/2020\/10\/rafael-fonteles-1900x900_c.jpg\",\"datePublished\":\"2023-01-26T19:24:29+00:00\",\"dateModified\":\"2023-01-26T19:27:36+00:00\",\"author\":{\"@id\":\"https:\/\/bricspolicycenter.org\/en\/#\/schema\/person\/fd1294cc2c1b7f63bf62fbf420197e46\"},\"breadcrumb\":{\"@id\":\"https:\/\/bricspolicycenter.org\/en\/intelligence-forum-rafael-fonteles-defends-extension-of-federal-aid-until-2021\/#breadcrumb\"},\"inLanguage\":\"en-US\",\"potentialAction\":[{\"@type\":\"ReadAction\",\"target\":[\"https:\/\/bricspolicycenter.org\/en\/intelligence-forum-rafael-fonteles-defends-extension-of-federal-aid-until-2021\/\"]}]},{\"@type\":\"ImageObject\",\"inLanguage\":\"en-US\",\"@id\":\"https:\/\/bricspolicycenter.org\/en\/intelligence-forum-rafael-fonteles-defends-extension-of-federal-aid-until-2021\/#primaryimage\",\"url\":\"https:\/\/bricspolicycenter.org\/wp-content\/uploads\/2020\/10\/rafael-fonteles-1900x900_c.jpg\",\"contentUrl\":\"https:\/\/bricspolicycenter.org\/wp-content\/uploads\/2020\/10\/rafael-fonteles-1900x900_c.jpg\",\"width\":1900,\"height\":900},{\"@type\":\"BreadcrumbList\",\"@id\":\"https:\/\/bricspolicycenter.org\/en\/intelligence-forum-rafael-fonteles-defends-extension-of-federal-aid-until-2021\/#breadcrumb\",\"itemListElement\":[{\"@type\":\"ListItem\",\"position\":1,\"name\":\"In\u00edcio\",\"item\":\"https:\/\/bricspolicycenter.org\/en\/\"},{\"@type\":\"ListItem\",\"position\":2,\"name\":\"Intelligence Forum: Rafael Fonteles defends extension of federal aid until 2021\"}]},{\"@type\":\"WebSite\",\"@id\":\"https:\/\/bricspolicycenter.org\/en\/#website\",\"url\":\"https:\/\/bricspolicycenter.org\/en\/\",\"name\":\"brq\",\"description\":\"S\u00f3 mais um site WordPress\",\"potentialAction\":[{\"@type\":\"SearchAction\",\"target\":{\"@type\":\"EntryPoint\",\"urlTemplate\":\"https:\/\/bricspolicycenter.org\/en\/?s={search_term_string}\"},\"query-input\":{\"@type\":\"PropertyValueSpecification\",\"valueRequired\":true,\"valueName\":\"search_term_string\"}}],\"inLanguage\":\"en-US\"},{\"@type\":\"Person\",\"@id\":\"https:\/\/bricspolicycenter.org\/en\/#\/schema\/person\/fd1294cc2c1b7f63bf62fbf420197e46\",\"name\":\"claudia\",\"image\":{\"@type\":\"ImageObject\",\"inLanguage\":\"en-US\",\"@id\":\"https:\/\/bricspolicycenter.org\/en\/#\/schema\/person\/image\/\",\"url\":\"https:\/\/secure.gravatar.com\/avatar\/384f41c57793ee1926448caf6f58ada3?s=96&d=mm&r=g\",\"contentUrl\":\"https:\/\/secure.gravatar.com\/avatar\/384f41c57793ee1926448caf6f58ada3?s=96&d=mm&r=g\",\"caption\":\"claudia\"},\"url\":\"https:\/\/bricspolicycenter.org\/en\/author\/claudia\/\"}]}<\/script>\n<!-- \/ Yoast SEO plugin. -->","yoast_head_json":{"title":"Intelligence Forum: Rafael Fonteles defends extension of federal aid until 2021 - brq","robots":{"index":"index","follow":"follow","max-snippet":"max-snippet:-1","max-image-preview":"max-image-preview:large","max-video-preview":"max-video-preview:-1"},"canonical":"https:\/\/bricspolicycenter.org\/en\/intelligence-forum-rafael-fonteles-defends-extension-of-federal-aid-until-2021\/","og_locale":"en_US","og_type":"article","og_title":"Intelligence Forum: Rafael Fonteles defends extension of federal aid until 2021 - brq","og_description":"[vc_row row_type=&#8221;row&#8221; use_row_as_full_screen_section=&#8221;no&#8221; type=&#8221;full_width&#8221; text_align=&#8221;left&#8221; css_animation=&#8221;&#8221;][vc_column][vc_column_text]According to an article published by the newspaper Viagora (Bruna Le\u00e3o), the State Secretary of Finance and Chairman of the National Committee of Secretaries of...","og_url":"https:\/\/bricspolicycenter.org\/en\/intelligence-forum-rafael-fonteles-defends-extension-of-federal-aid-until-2021\/","og_site_name":"brq","article_published_time":"2023-01-26T19:24:29+00:00","article_modified_time":"2023-01-26T19:27:36+00:00","og_image":[{"width":1900,"height":900,"url":"https:\/\/bricspolicycenter.org\/wp-content\/uploads\/2020\/10\/rafael-fonteles-1900x900_c.jpg","type":"image\/jpeg"}],"author":"claudia","twitter_card":"summary_large_image","twitter_misc":{"Written by":"claudia","Est. reading time":"1 minute"},"schema":{"@context":"https:\/\/schema.org","@graph":[{"@type":"WebPage","@id":"https:\/\/bricspolicycenter.org\/en\/intelligence-forum-rafael-fonteles-defends-extension-of-federal-aid-until-2021\/","url":"https:\/\/bricspolicycenter.org\/en\/intelligence-forum-rafael-fonteles-defends-extension-of-federal-aid-until-2021\/","name":"Intelligence Forum: Rafael Fonteles defends extension of federal aid until 2021 - brq","isPartOf":{"@id":"https:\/\/bricspolicycenter.org\/en\/#website"},"primaryImageOfPage":{"@id":"https:\/\/bricspolicycenter.org\/en\/intelligence-forum-rafael-fonteles-defends-extension-of-federal-aid-until-2021\/#primaryimage"},"image":{"@id":"https:\/\/bricspolicycenter.org\/en\/intelligence-forum-rafael-fonteles-defends-extension-of-federal-aid-until-2021\/#primaryimage"},"thumbnailUrl":"https:\/\/bricspolicycenter.org\/wp-content\/uploads\/2020\/10\/rafael-fonteles-1900x900_c.jpg","datePublished":"2023-01-26T19:24:29+00:00","dateModified":"2023-01-26T19:27:36+00:00","author":{"@id":"https:\/\/bricspolicycenter.org\/en\/#\/schema\/person\/fd1294cc2c1b7f63bf62fbf420197e46"},"breadcrumb":{"@id":"https:\/\/bricspolicycenter.org\/en\/intelligence-forum-rafael-fonteles-defends-extension-of-federal-aid-until-2021\/#breadcrumb"},"inLanguage":"en-US","potentialAction":[{"@type":"ReadAction","target":["https:\/\/bricspolicycenter.org\/en\/intelligence-forum-rafael-fonteles-defends-extension-of-federal-aid-until-2021\/"]}]},{"@type":"ImageObject","inLanguage":"en-US","@id":"https:\/\/bricspolicycenter.org\/en\/intelligence-forum-rafael-fonteles-defends-extension-of-federal-aid-until-2021\/#primaryimage","url":"https:\/\/bricspolicycenter.org\/wp-content\/uploads\/2020\/10\/rafael-fonteles-1900x900_c.jpg","contentUrl":"https:\/\/bricspolicycenter.org\/wp-content\/uploads\/2020\/10\/rafael-fonteles-1900x900_c.jpg","width":1900,"height":900},{"@type":"BreadcrumbList","@id":"https:\/\/bricspolicycenter.org\/en\/intelligence-forum-rafael-fonteles-defends-extension-of-federal-aid-until-2021\/#breadcrumb","itemListElement":[{"@type":"ListItem","position":1,"name":"In\u00edcio","item":"https:\/\/bricspolicycenter.org\/en\/"},{"@type":"ListItem","position":2,"name":"Intelligence Forum: Rafael Fonteles defends extension of federal aid until 2021"}]},{"@type":"WebSite","@id":"https:\/\/bricspolicycenter.org\/en\/#website","url":"https:\/\/bricspolicycenter.org\/en\/","name":"brq","description":"S\u00f3 mais um site WordPress","potentialAction":[{"@type":"SearchAction","target":{"@type":"EntryPoint","urlTemplate":"https:\/\/bricspolicycenter.org\/en\/?s={search_term_string}"},"query-input":{"@type":"PropertyValueSpecification","valueRequired":true,"valueName":"search_term_string"}}],"inLanguage":"en-US"},{"@type":"Person","@id":"https:\/\/bricspolicycenter.org\/en\/#\/schema\/person\/fd1294cc2c1b7f63bf62fbf420197e46","name":"claudia","image":{"@type":"ImageObject","inLanguage":"en-US","@id":"https:\/\/bricspolicycenter.org\/en\/#\/schema\/person\/image\/","url":"https:\/\/secure.gravatar.com\/avatar\/384f41c57793ee1926448caf6f58ada3?s=96&d=mm&r=g","contentUrl":"https:\/\/secure.gravatar.com\/avatar\/384f41c57793ee1926448caf6f58ada3?s=96&d=mm&r=g","caption":"claudia"},"url":"https:\/\/bricspolicycenter.org\/en\/author\/claudia\/"}]}},"_links":{"self":[{"href":"https:\/\/bricspolicycenter.org\/en\/wp-json\/wp\/v2\/posts\/14602","targetHints":{"allow":["GET"]}}],"collection":[{"href":"https:\/\/bricspolicycenter.org\/en\/wp-json\/wp\/v2\/posts"}],"about":[{"href":"https:\/\/bricspolicycenter.org\/en\/wp-json\/wp\/v2\/types\/post"}],"author":[{"embeddable":true,"href":"https:\/\/bricspolicycenter.org\/en\/wp-json\/wp\/v2\/users\/16"}],"replies":[{"embeddable":true,"href":"https:\/\/bricspolicycenter.org\/en\/wp-json\/wp\/v2\/comments?post=14602"}],"version-history":[{"count":3,"href":"https:\/\/bricspolicycenter.org\/en\/wp-json\/wp\/v2\/posts\/14602\/revisions"}],"predecessor-version":[{"id":14605,"href":"https:\/\/bricspolicycenter.org\/en\/wp-json\/wp\/v2\/posts\/14602\/revisions\/14605"}],"wp:featuredmedia":[{"embeddable":true,"href":"https:\/\/bricspolicycenter.org\/en\/wp-json\/wp\/v2\/media\/12396"}],"wp:attachment":[{"href":"https:\/\/bricspolicycenter.org\/en\/wp-json\/wp\/v2\/media?parent=14602"}],"wp:term":[{"taxonomy":"category","embeddable":true,"href":"https:\/\/bricspolicycenter.org\/en\/wp-json\/wp\/v2\/categories?post=14602"},{"taxonomy":"post_tag","embeddable":true,"href":"https:\/\/bricspolicycenter.org\/en\/wp-json\/wp\/v2\/tags?post=14602"}],"curies":[{"name":"wp","href":"https:\/\/api.w.org\/{rel}","templated":true}]}}