{"id":10836,"date":"2019-09-24T15:49:42","date_gmt":"2019-09-24T18:49:42","guid":{"rendered":"https:\/\/bricspolicycenter.org\/?p=10836"},"modified":"2019-09-25T16:52:59","modified_gmt":"2019-09-25T19:52:59","slug":"in-an-interview-with-climate-home-news-bpc-director-comments-on-climate-action-in-emerging-countries","status":"publish","type":"post","link":"https:\/\/bricspolicycenter.org\/en\/in-an-interview-with-climate-home-news-bpc-director-comments-on-climate-action-in-emerging-countries\/","title":{"rendered":"Climate Home News interviews BPC director to discuss the climate action in emerging countries"},"content":{"rendered":"<p>In the article published by <a href=\"https:\/\/www.climatechangenews.com\/\">Climate Home News<\/a>, Paulo Esteves, BRICS Policy Center Director, discussed the lack of resonance that the demands made by the then UN Secretary-General, Ant\u00f3nio Guterres, are meeting in emerging countries. With just over a month before the New York High-Level Summit, the BRICS Environment Ministers will hold their own meeting focused on climate issues. For Paulo Esteves, given the context of growing nationalism, the idea that countries will equally commit to sharing the burden of climate action is completely unrealistic.<\/p>\n<p>Access the full text <a href=\"https:\/\/www.climatechangenews.com\/2019\/08\/14\/un-chiefs-climate-asks-fall-flat-emerging-economies\/?fbclid=IwAR1KV1DFost72VdBAoXQzCs5jLOvQQbw8GNKsWexeCbjcqWxrvZfSAqeJfM\">here<\/a>.<\/p>\n<p>(Picture:\u00a0\u00a0Arthur Max\/MRE)<\/p>\n","protected":false},"excerpt":{"rendered":"<p>In the article published by Climate Home News, Paulo Esteves, BRICS Policy Center Director, discussed the lack of resonance that the demands made by the then UN Secretary-General, Ant\u00f3nio Guterres,&#8230;<\/p>\n","protected":false},"author":16,"featured_media":10590,"comment_status":"open","ping_status":"open","sticky":false,"template":"","format":"standard","meta":{"footnotes":""},"categories":[341],"tags":[],"class_list":["post-10836","post","type-post","status-publish","format-standard","has-post-thumbnail","hentry","category-media-coverage"],"yoast_head":"<!-- This site is optimized with the Yoast SEO plugin v24.6 - https:\/\/yoast.com\/wordpress\/plugins\/seo\/ -->\n<title>Climate Home News interviews BPC director to discuss the climate action in emerging countries - brq<\/title>\n<meta name=\"robots\" content=\"index, follow, max-snippet:-1, max-image-preview:large, max-video-preview:-1\" \/>\n<link rel=\"canonical\" href=\"https:\/\/bricspolicycenter.org\/em-entrevista-a-climate-home-news-diretor-do-bpc-comenta-a-acao-climatica-em-paises-emergentes\/\" \/>\n<meta property=\"og:locale\" content=\"en_US\" \/>\n<meta property=\"og:type\" content=\"article\" \/>\n<meta property=\"og:title\" content=\"Climate Home News interviews BPC director to discuss the climate action in emerging countries - brq\" \/>\n<meta property=\"og:description\" content=\"In the article published by Climate Home News, Paulo Esteves, BRICS Policy Center Director, discussed the lack of resonance that the demands made by the then UN Secretary-General, Ant\u00f3nio Guterres,...\" \/>\n<meta property=\"og:url\" content=\"https:\/\/bricspolicycenter.org\/em-entrevista-a-climate-home-news-diretor-do-bpc-comenta-a-acao-climatica-em-paises-emergentes\/\" \/>\n<meta property=\"og:site_name\" content=\"brq\" \/>\n<meta property=\"article:published_time\" content=\"2019-09-24T18:49:42+00:00\" \/>\n<meta property=\"article:modified_time\" content=\"2019-09-25T19:52:59+00:00\" \/>\n<meta property=\"og:image\" content=\"https:\/\/bricspolicycenter.org\/wp-content\/uploads\/2019\/08\/BRICS-foreign-ministers.jpg\" \/>\n\t<meta property=\"og:image:width\" content=\"800\" \/>\n\t<meta property=\"og:image:height\" content=\"450\" \/>\n\t<meta property=\"og:image:type\" content=\"image\/jpeg\" \/>\n<meta name=\"author\" content=\"claudia\" \/>\n<meta name=\"twitter:card\" content=\"summary_large_image\" \/>\n<meta name=\"twitter:label1\" content=\"Written by\" \/>\n\t<meta name=\"twitter:data1\" content=\"claudia\" \/>\n<script type=\"application\/ld+json\" class=\"yoast-schema-graph\">{\"@context\":\"https:\/\/schema.org\",\"@graph\":[{\"@type\":\"WebPage\",\"@id\":\"https:\/\/bricspolicycenter.org\/em-entrevista-a-climate-home-news-diretor-do-bpc-comenta-a-acao-climatica-em-paises-emergentes\/\",\"url\":\"https:\/\/bricspolicycenter.org\/em-entrevista-a-climate-home-news-diretor-do-bpc-comenta-a-acao-climatica-em-paises-emergentes\/\",\"name\":\"Climate Home News interviews BPC director to discuss the climate action in emerging countries - brq\",\"isPartOf\":{\"@id\":\"https:\/\/bricspolicycenter.org\/en\/#website\"},\"primaryImageOfPage\":{\"@id\":\"https:\/\/bricspolicycenter.org\/em-entrevista-a-climate-home-news-diretor-do-bpc-comenta-a-acao-climatica-em-paises-emergentes\/#primaryimage\"},\"image\":{\"@id\":\"https:\/\/bricspolicycenter.org\/em-entrevista-a-climate-home-news-diretor-do-bpc-comenta-a-acao-climatica-em-paises-emergentes\/#primaryimage\"},\"thumbnailUrl\":\"https:\/\/bricspolicycenter.org\/wp-content\/uploads\/2019\/08\/BRICS-foreign-ministers.jpg\",\"datePublished\":\"2019-09-24T18:49:42+00:00\",\"dateModified\":\"2019-09-25T19:52:59+00:00\",\"author\":{\"@id\":\"https:\/\/bricspolicycenter.org\/en\/#\/schema\/person\/fd1294cc2c1b7f63bf62fbf420197e46\"},\"breadcrumb\":{\"@id\":\"https:\/\/bricspolicycenter.org\/em-entrevista-a-climate-home-news-diretor-do-bpc-comenta-a-acao-climatica-em-paises-emergentes\/#breadcrumb\"},\"inLanguage\":\"en-US\",\"potentialAction\":[{\"@type\":\"ReadAction\",\"target\":[\"https:\/\/bricspolicycenter.org\/em-entrevista-a-climate-home-news-diretor-do-bpc-comenta-a-acao-climatica-em-paises-emergentes\/\"]}]},{\"@type\":\"ImageObject\",\"inLanguage\":\"en-US\",\"@id\":\"https:\/\/bricspolicycenter.org\/em-entrevista-a-climate-home-news-diretor-do-bpc-comenta-a-acao-climatica-em-paises-emergentes\/#primaryimage\",\"url\":\"https:\/\/bricspolicycenter.org\/wp-content\/uploads\/2019\/08\/BRICS-foreign-ministers.jpg\",\"contentUrl\":\"https:\/\/bricspolicycenter.org\/wp-content\/uploads\/2019\/08\/BRICS-foreign-ministers.jpg\",\"width\":800,\"height\":450,\"caption\":\"Cerim\u00f4nia Oficial de Chegada dos Ministros de Rela\u00e7\u00f5es Exteriores do BRICS. Foto: Arthur Max\/MRE\"},{\"@type\":\"BreadcrumbList\",\"@id\":\"https:\/\/bricspolicycenter.org\/em-entrevista-a-climate-home-news-diretor-do-bpc-comenta-a-acao-climatica-em-paises-emergentes\/#breadcrumb\",\"itemListElement\":[{\"@type\":\"ListItem\",\"position\":1,\"name\":\"In\u00edcio\",\"item\":\"https:\/\/bricspolicycenter.org\/en\/\"},{\"@type\":\"ListItem\",\"position\":2,\"name\":\"Climate Home News interviews BPC director to discuss the climate action in emerging countries\"}]},{\"@type\":\"WebSite\",\"@id\":\"https:\/\/bricspolicycenter.org\/en\/#website\",\"url\":\"https:\/\/bricspolicycenter.org\/en\/\",\"name\":\"brq\",\"description\":\"S\u00f3 mais um site WordPress\",\"potentialAction\":[{\"@type\":\"SearchAction\",\"target\":{\"@type\":\"EntryPoint\",\"urlTemplate\":\"https:\/\/bricspolicycenter.org\/en\/?s={search_term_string}\"},\"query-input\":{\"@type\":\"PropertyValueSpecification\",\"valueRequired\":true,\"valueName\":\"search_term_string\"}}],\"inLanguage\":\"en-US\"},{\"@type\":\"Person\",\"@id\":\"https:\/\/bricspolicycenter.org\/en\/#\/schema\/person\/fd1294cc2c1b7f63bf62fbf420197e46\",\"name\":\"claudia\",\"image\":{\"@type\":\"ImageObject\",\"inLanguage\":\"en-US\",\"@id\":\"https:\/\/bricspolicycenter.org\/en\/#\/schema\/person\/image\/\",\"url\":\"https:\/\/secure.gravatar.com\/avatar\/384f41c57793ee1926448caf6f58ada3?s=96&d=mm&r=g\",\"contentUrl\":\"https:\/\/secure.gravatar.com\/avatar\/384f41c57793ee1926448caf6f58ada3?s=96&d=mm&r=g\",\"caption\":\"claudia\"},\"url\":\"https:\/\/bricspolicycenter.org\/en\/author\/claudia\/\"}]}<\/script>\n<!-- \/ Yoast SEO plugin. -->","yoast_head_json":{"title":"Climate Home News interviews BPC director to discuss the climate action in emerging countries - brq","robots":{"index":"index","follow":"follow","max-snippet":"max-snippet:-1","max-image-preview":"max-image-preview:large","max-video-preview":"max-video-preview:-1"},"canonical":"https:\/\/bricspolicycenter.org\/em-entrevista-a-climate-home-news-diretor-do-bpc-comenta-a-acao-climatica-em-paises-emergentes\/","og_locale":"en_US","og_type":"article","og_title":"Climate Home News interviews BPC director to discuss the climate action in emerging countries - brq","og_description":"In the article published by Climate Home News, Paulo Esteves, BRICS Policy Center Director, discussed the lack of resonance that the demands made by the then UN Secretary-General, Ant\u00f3nio Guterres,...","og_url":"https:\/\/bricspolicycenter.org\/em-entrevista-a-climate-home-news-diretor-do-bpc-comenta-a-acao-climatica-em-paises-emergentes\/","og_site_name":"brq","article_published_time":"2019-09-24T18:49:42+00:00","article_modified_time":"2019-09-25T19:52:59+00:00","og_image":[{"width":800,"height":450,"url":"https:\/\/bricspolicycenter.org\/wp-content\/uploads\/2019\/08\/BRICS-foreign-ministers.jpg","type":"image\/jpeg"}],"author":"claudia","twitter_card":"summary_large_image","twitter_misc":{"Written by":"claudia"},"schema":{"@context":"https:\/\/schema.org","@graph":[{"@type":"WebPage","@id":"https:\/\/bricspolicycenter.org\/em-entrevista-a-climate-home-news-diretor-do-bpc-comenta-a-acao-climatica-em-paises-emergentes\/","url":"https:\/\/bricspolicycenter.org\/em-entrevista-a-climate-home-news-diretor-do-bpc-comenta-a-acao-climatica-em-paises-emergentes\/","name":"Climate Home News interviews BPC director to discuss the climate action in emerging countries - brq","isPartOf":{"@id":"https:\/\/bricspolicycenter.org\/en\/#website"},"primaryImageOfPage":{"@id":"https:\/\/bricspolicycenter.org\/em-entrevista-a-climate-home-news-diretor-do-bpc-comenta-a-acao-climatica-em-paises-emergentes\/#primaryimage"},"image":{"@id":"https:\/\/bricspolicycenter.org\/em-entrevista-a-climate-home-news-diretor-do-bpc-comenta-a-acao-climatica-em-paises-emergentes\/#primaryimage"},"thumbnailUrl":"https:\/\/bricspolicycenter.org\/wp-content\/uploads\/2019\/08\/BRICS-foreign-ministers.jpg","datePublished":"2019-09-24T18:49:42+00:00","dateModified":"2019-09-25T19:52:59+00:00","author":{"@id":"https:\/\/bricspolicycenter.org\/en\/#\/schema\/person\/fd1294cc2c1b7f63bf62fbf420197e46"},"breadcrumb":{"@id":"https:\/\/bricspolicycenter.org\/em-entrevista-a-climate-home-news-diretor-do-bpc-comenta-a-acao-climatica-em-paises-emergentes\/#breadcrumb"},"inLanguage":"en-US","potentialAction":[{"@type":"ReadAction","target":["https:\/\/bricspolicycenter.org\/em-entrevista-a-climate-home-news-diretor-do-bpc-comenta-a-acao-climatica-em-paises-emergentes\/"]}]},{"@type":"ImageObject","inLanguage":"en-US","@id":"https:\/\/bricspolicycenter.org\/em-entrevista-a-climate-home-news-diretor-do-bpc-comenta-a-acao-climatica-em-paises-emergentes\/#primaryimage","url":"https:\/\/bricspolicycenter.org\/wp-content\/uploads\/2019\/08\/BRICS-foreign-ministers.jpg","contentUrl":"https:\/\/bricspolicycenter.org\/wp-content\/uploads\/2019\/08\/BRICS-foreign-ministers.jpg","width":800,"height":450,"caption":"Cerim\u00f4nia Oficial de Chegada dos Ministros de Rela\u00e7\u00f5es Exteriores do BRICS. Foto: Arthur Max\/MRE"},{"@type":"BreadcrumbList","@id":"https:\/\/bricspolicycenter.org\/em-entrevista-a-climate-home-news-diretor-do-bpc-comenta-a-acao-climatica-em-paises-emergentes\/#breadcrumb","itemListElement":[{"@type":"ListItem","position":1,"name":"In\u00edcio","item":"https:\/\/bricspolicycenter.org\/en\/"},{"@type":"ListItem","position":2,"name":"Climate Home News interviews BPC director to discuss the climate action in emerging countries"}]},{"@type":"WebSite","@id":"https:\/\/bricspolicycenter.org\/en\/#website","url":"https:\/\/bricspolicycenter.org\/en\/","name":"brq","description":"S\u00f3 mais um site WordPress","potentialAction":[{"@type":"SearchAction","target":{"@type":"EntryPoint","urlTemplate":"https:\/\/bricspolicycenter.org\/en\/?s={search_term_string}"},"query-input":{"@type":"PropertyValueSpecification","valueRequired":true,"valueName":"search_term_string"}}],"inLanguage":"en-US"},{"@type":"Person","@id":"https:\/\/bricspolicycenter.org\/en\/#\/schema\/person\/fd1294cc2c1b7f63bf62fbf420197e46","name":"claudia","image":{"@type":"ImageObject","inLanguage":"en-US","@id":"https:\/\/bricspolicycenter.org\/en\/#\/schema\/person\/image\/","url":"https:\/\/secure.gravatar.com\/avatar\/384f41c57793ee1926448caf6f58ada3?s=96&d=mm&r=g","contentUrl":"https:\/\/secure.gravatar.com\/avatar\/384f41c57793ee1926448caf6f58ada3?s=96&d=mm&r=g","caption":"claudia"},"url":"https:\/\/bricspolicycenter.org\/en\/author\/claudia\/"}]}},"_links":{"self":[{"href":"https:\/\/bricspolicycenter.org\/en\/wp-json\/wp\/v2\/posts\/10836","targetHints":{"allow":["GET"]}}],"collection":[{"href":"https:\/\/bricspolicycenter.org\/en\/wp-json\/wp\/v2\/posts"}],"about":[{"href":"https:\/\/bricspolicycenter.org\/en\/wp-json\/wp\/v2\/types\/post"}],"author":[{"embeddable":true,"href":"https:\/\/bricspolicycenter.org\/en\/wp-json\/wp\/v2\/users\/16"}],"replies":[{"embeddable":true,"href":"https:\/\/bricspolicycenter.org\/en\/wp-json\/wp\/v2\/comments?post=10836"}],"version-history":[{"count":0,"href":"https:\/\/bricspolicycenter.org\/en\/wp-json\/wp\/v2\/posts\/10836\/revisions"}],"wp:featuredmedia":[{"embeddable":true,"href":"https:\/\/bricspolicycenter.org\/en\/wp-json\/wp\/v2\/media\/10590"}],"wp:attachment":[{"href":"https:\/\/bricspolicycenter.org\/en\/wp-json\/wp\/v2\/media?parent=10836"}],"wp:term":[{"taxonomy":"category","embeddable":true,"href":"https:\/\/bricspolicycenter.org\/en\/wp-json\/wp\/v2\/categories?post=10836"},{"taxonomy":"post_tag","embeddable":true,"href":"https:\/\/bricspolicycenter.org\/en\/wp-json\/wp\/v2\/tags?post=10836"}],"curies":[{"name":"wp","href":"https:\/\/api.w.org\/{rel}","templated":true}]}}